{"id":13038,"date":"2019-12-04T10:32:32","date_gmt":"2019-12-04T13:32:32","guid":{"rendered":"https:\/\/insurancecorp.com.br\/pt\/?p=13038"},"modified":"2019-12-04T10:33:17","modified_gmt":"2019-12-04T13:33:17","slug":"seguro-dpvat-indeniza-mais-de-68-mil-pedestres-por-invalidez-permanente-2","status":"publish","type":"post","link":"https:\/\/insurancecorp.com.br\/pt\/2019\/12\/04\/seguro-dpvat-indeniza-mais-de-68-mil-pedestres-por-invalidez-permanente-2\/","title":{"rendered":"Seguro DPVAT indeniza mais de 68 mil pedestres por invalidez permanente"},"content":{"rendered":"<p>O Dia Internacional da Pessoa com Defici\u00eancia \u00e9 celebrado nesta ter\u00e7a-feira (03\/12) e alerta para a import\u00e2ncia da conscientiza\u00e7\u00e3o sobre igualdade de oportunidades para todos. Segundo os dados divulgados pelo Instituto Brasileiro de Geografia e Estat\u00edstica (IBGE), 6,7% da popula\u00e7\u00e3o tem algum tipo de defici\u00eancia. Os n\u00fameros do Seguro DPVAT mostram que os acidentes de tr\u00e2nsito envolvendo pedestres t\u00eam grande participa\u00e7\u00e3o nestas estat\u00edsticas. De janeiro a outubro deste ano, o seguro obrigat\u00f3rio indenizou mais de 68 mil pessoas que circulavam a p\u00e9 no momento da ocorr\u00eancia e ficaram com algum tipo de invalidez permanente. O n\u00famero representa 77% do total de pagamentos destinados a v\u00edtimas pedestres.<\/p>\n<p>As motocicletas foram respons\u00e1veis pela maioria dos acidentes com sequelas definitivas envolvendo pedestres, somando mais de 48 mil pagamentos. Na sequ\u00eancia, est\u00e3o os autom\u00f3veis (16.123); caminh\u00f5es e pick-ups (2.739); \u00f4nibus, micro-\u00f4nibus e vans (1.423); e ciclomotores (313).<\/p>\n<p>As estat\u00edsticas do Seguro DPVAT ainda mostram que os jovens s\u00e3o os mais atingidos. Do total de sinistros pagos para pedestres v\u00edtimas de invalidez permanente em fun\u00e7\u00e3o de acidente de tr\u00e2nsito, 28.286 foram para pessoas com idade entre 18 e 34 anos, que formam popula\u00e7\u00e3o economicamente ativa. A segunda faixa et\u00e1ria mais afetada \u00e9 de 45 a 64 anos, concentrando mais de 17 mil pagamentos.<\/p>\n<p>A an\u00e1lise por estado indica que S\u00e3o Paulo lidera o ranking de indeniza\u00e7\u00f5es pagas para pedestres com invalidez. De janeiro a outubro, foram 6.141 pagamentos na regi\u00e3o. Minas Gerais (5.811), Goi\u00e1s (5.515), Mato Grosso (5.090) e Cear\u00e1 (4.915) completam, respectivamente, a lista dos cinco primeiros colocados.<\/p>\n<table width=\"0\">\n<tbody>\n<tr>\n<td colspan=\"2\" width=\"269\"><strong>Indeniza\u00e7\u00f5es pagas a pedestres por invalidez permanente<\/strong><\/td>\n<\/tr>\n<tr>\n<td width=\"135\"><strong>UF<\/strong><\/td>\n<td width=\"135\"><strong>Quantidade<\/strong><\/td>\n<\/tr>\n<tr>\n<td width=\"135\">SP<\/td>\n<td width=\"135\">6.141<\/td>\n<\/tr>\n<tr>\n<td width=\"135\">MG<\/td>\n<td width=\"135\">5.811<\/td>\n<\/tr>\n<tr>\n<td width=\"135\">GO<\/td>\n<td width=\"135\">5.515<\/td>\n<\/tr>\n<tr>\n<td width=\"135\">MT<\/td>\n<td width=\"135\">5.090<\/td>\n<\/tr>\n<tr>\n<td width=\"135\">CE<\/td>\n<td width=\"135\">4.915<\/td>\n<\/tr>\n<tr>\n<td width=\"135\">SC<\/td>\n<td width=\"135\">4.512<\/td>\n<\/tr>\n<tr>\n<td width=\"135\">PR<\/td>\n<td width=\"135\">4.439<\/td>\n<\/tr>\n<tr>\n<td width=\"135\">MA<\/td>\n<td width=\"135\">4.373<\/td>\n<\/tr>\n<tr>\n<td width=\"135\">MS<\/td>\n<td width=\"135\">3.898<\/td>\n<\/tr>\n<tr>\n<td width=\"135\">PE<\/td>\n<td width=\"135\">3.278<\/td>\n<\/tr>\n<tr>\n<td width=\"135\">RS<\/td>\n<td width=\"135\">3.258<\/td>\n<\/tr>\n<tr>\n<td width=\"135\">TO<\/td>\n<td width=\"135\">2.454<\/td>\n<\/tr>\n<tr>\n<td width=\"135\">RN<\/td>\n<td width=\"135\">2.319<\/td>\n<\/tr>\n<tr>\n<td width=\"135\">RJ<\/td>\n<td width=\"135\">2.271<\/td>\n<\/tr>\n<tr>\n<td width=\"135\">BA<\/td>\n<td width=\"135\">1.909<\/td>\n<\/tr>\n<tr>\n<td width=\"135\">PB<\/td>\n<td width=\"135\">1.325<\/td>\n<\/tr>\n<tr>\n<td width=\"135\">RO<\/td>\n<td width=\"135\">1.325<\/td>\n<\/tr>\n<tr>\n<td width=\"135\">PA<\/td>\n<td width=\"135\">1.317<\/td>\n<\/tr>\n<tr>\n<td width=\"135\">ES<\/td>\n<td width=\"135\">956<\/td>\n<\/tr>\n<tr>\n<td width=\"135\">RR<\/td>\n<td width=\"135\">752<\/td>\n<\/tr>\n<tr>\n<td width=\"135\">PI<\/td>\n<td width=\"135\">703<\/td>\n<\/tr>\n<tr>\n<td width=\"135\">AM<\/td>\n<td width=\"135\">655<\/td>\n<\/tr>\n<tr>\n<td width=\"135\">SE<\/td>\n<td width=\"135\">412<\/td>\n<\/tr>\n<tr>\n<td width=\"135\">AL<\/td>\n<td width=\"135\">408<\/td>\n<\/tr>\n<tr>\n<td width=\"135\">DF<\/td>\n<td width=\"135\">376<\/td>\n<\/tr>\n<tr>\n<td width=\"135\">AC<\/td>\n<td width=\"135\">150<\/td>\n<\/tr>\n<tr>\n<td width=\"135\">AP<\/td>\n<td width=\"135\">113<\/td>\n<\/tr>\n<tr>\n<td width=\"135\"><strong>Total<\/strong><\/td>\n<td width=\"135\"><strong>68.675<\/strong><\/td>\n<\/tr>\n<\/tbody>\n<\/table>\n<p><em>\u00a0<\/em><em>Fonte: Seguradora L\u00edder<\/em><\/p>\n<p>Para o superintendente de Opera\u00e7\u00f5es da Seguradora L\u00edder, Arthur Froes, o Dia Internacional da Pessoa com Defici\u00eancia \u00e9 mais uma oportunidade de refor\u00e7ar a import\u00e2ncia da conscientiza\u00e7\u00e3o para um tr\u00e2nsito mais seguro. O especialista chama aten\u00e7\u00e3o para os cuidados que devem ser adotados pelos pedestres, mas tamb\u00e9m ressalta o papel fundamental dos motoristas neste cen\u00e1rio.<\/p>\n<p>\u201cAs pessoas que circulam a p\u00e9 s\u00e3o o segundo tipo de v\u00edtima mais atingida por sequelas permanentes ap\u00f3s um acidente de tr\u00e2nsito. Esta realidade alerta para a import\u00e2ncia da utiliza\u00e7\u00e3o da faixa de pedestre e aten\u00e7\u00e3o ao sem\u00e1foro. Mas, al\u00e9m disso, os condutores de ve\u00edculos tamb\u00e9m t\u00eam atua\u00e7\u00e3o na preven\u00e7\u00e3o destas ocorr\u00eancias. \u00c9 essencial que respeitem o limite de velocidade das vias, n\u00e3o estacionem em cima da faixa, nem avancem os sinais. A seguran\u00e7a no tr\u00e2nsito \u00e9 um dever de todos n\u00f3s\u201d, explica Arthur Froes.<\/p>\n<p>O especialista ainda refor\u00e7a a import\u00e2ncia do Seguro DPVAT para os pedestres atingidos por automotores. \u201cA indeniza\u00e7\u00e3o do seguro obrigat\u00f3rio representa uma repara\u00e7\u00e3o social para todas as v\u00edtimas de acidentes de tr\u00e2nsito, inclusive para quem n\u00e3o possui um ve\u00edculo\u201d, complementa o superintendente.<\/p>\n<p>Al\u00e9m das indeniza\u00e7\u00f5es pagas, a Seguradora L\u00edder apoia as v\u00edtimas de acidentes de tr\u00e2nsito, principalmente aquelas que ficaram com algum tipo de sequela definitiva, na busca pela reinser\u00e7\u00e3o no mercado de trabalho. O Programa Recome\u00e7o, criado pela companhia em agosto do ano passado, conta com uma plataforma digital, dispon\u00edvel em <a href=\"https:\/\/urldefense.proofpoint.com\/v2\/url?u=http-3A__www.seguradoralider.com.br_recomeco&amp;d=DwMFAw&amp;c=63k7DFQ5NS45K8Wu5uX9Pd1gEa70c_pznLjIw3OxEiE&amp;r=xSKOGRaV4BigS2hI6T1dLQ&amp;m=Ecw13vkDeEKcFVyAS0KYgXvX6zcsNYvL-5MvuAArMcs&amp;s=ISU7u_0imrFOTH4om5-MmPaLeh2FpuqacRnKoQex9XY&amp;e=\">www.seguradoralider.com.br\/recomeco<\/a>, que permite a oferta de vagas pelas empresas parceiras &#8211; atualmente 32, e o cadastramento dos interessados em uma nova oportunidade. Hoje, s\u00e3o mais de 960 benefici\u00e1rios registrados no portal, que tamb\u00e9m re\u00fane hist\u00f3rias de supera\u00e7\u00e3o e not\u00edcias sobre inclus\u00e3o no mercado.<\/p>\n<p>O Programa tamb\u00e9m j\u00e1 formou duas turmas em cursos de qualifica\u00e7\u00e3o profissional no setor de Seguros, com aulas ministradas pela Escola Nacional de Seguros (ENS). A \u00faltima capacita\u00e7\u00e3o foi realizada entre junho e julho deste ano e marcou a chegada da iniciativa a S\u00e3o Paulo. J\u00e1 as aulas da turma-piloto, em agosto de 2018, aconteceram no Rio de Janeiro. O conte\u00fado program\u00e1tico do curso abrangeu temas como atendimento ao cliente; conceitos b\u00e1sicos de seguros; l\u00edngua portuguesa; orienta\u00e7\u00e3o profissional; matem\u00e1tica financeira; rotinas administrativas e informa\u00e7\u00e3o b\u00e1sica. Ao todo, foram 84h de forma\u00e7\u00e3o.<\/p>\n<p><strong>Seguradora Lider<\/strong><\/p>\n","protected":false},"excerpt":{"rendered":"<p>O Dia Internacional da Pessoa com Defici\u00eancia \u00e9 celebrado nesta ter\u00e7a-feira (03\/12) e alerta para a import\u00e2ncia da conscientiza\u00e7\u00e3o sobre igualdade de oportunidades para todos. Segundo os dados divulgados pelo Instituto Brasileiro de Geografia e Estat\u00edstica (IBGE), 6,7% da popula\u00e7\u00e3o tem algum tipo de defici\u00eancia. Os n\u00fameros do Seguro DPVAT mostram que os acidentes de [&hellip;]<\/p>\n","protected":false},"author":2,"featured_media":13039,"comment_status":"open","ping_status":"open","sticky":false,"template":"","format":"standard","meta":[],"categories":[147],"tags":[],"jetpack_featured_media_url":"https:\/\/insurancecorp.com.br\/pt\/wp-content\/uploads\/2019\/12\/IMG_20191021_153040519_HDR-6.jpg","yoast_head":"<!-- This site is optimized with the Yoast SEO plugin v14.8 - https:\/\/yoast.com\/wordpress\/plugins\/seo\/ -->\n<title>Seguro DPVAT indeniza mais de 68 mil pedestres por invalidez permanente | Revista Insurance Corp | PT-BR<\/title>\n<meta name=\"robots\" content=\"index, follow\" \/>\n<meta name=\"googlebot\" content=\"index, follow, max-snippet:-1, max-image-preview:large, max-video-preview:-1\" \/>\n<meta name=\"bingbot\" content=\"index, follow, max-snippet:-1, max-image-preview:large, max-video-preview:-1\" \/>\n<link rel=\"canonical\" href=\"https:\/\/insurancecorp.com.br\/pt\/2019\/12\/04\/seguro-dpvat-indeniza-mais-de-68-mil-pedestres-por-invalidez-permanente-2\/\" \/>\n<meta property=\"og:locale\" content=\"pt_BR\" \/>\n<meta property=\"og:type\" content=\"article\" \/>\n<meta property=\"og:title\" content=\"Seguro DPVAT indeniza mais de 68 mil pedestres por invalidez permanente | Revista Insurance Corp | PT-BR\" \/>\n<meta property=\"og:description\" content=\"O Dia Internacional da Pessoa com Defici\u00eancia \u00e9 celebrado nesta ter\u00e7a-feira (03\/12) e alerta para a import\u00e2ncia da conscientiza\u00e7\u00e3o sobre igualdade de oportunidades para todos. Segundo os dados divulgados pelo Instituto Brasileiro de Geografia e Estat\u00edstica (IBGE), 6,7% da popula\u00e7\u00e3o tem algum tipo de defici\u00eancia. Os n\u00fameros do Seguro DPVAT mostram que os acidentes de [&hellip;]\" \/>\n<meta property=\"og:url\" content=\"https:\/\/insurancecorp.com.br\/pt\/2019\/12\/04\/seguro-dpvat-indeniza-mais-de-68-mil-pedestres-por-invalidez-permanente-2\/\" \/>\n<meta property=\"og:site_name\" content=\"Revista Insurance Corp | PT-BR\" \/>\n<meta property=\"article:publisher\" content=\"https:\/\/www.facebook.com\/RevistaInsuranceCorp\/\" \/>\n<meta property=\"article:published_time\" content=\"2019-12-04T13:32:32+00:00\" \/>\n<meta property=\"article:modified_time\" content=\"2019-12-04T13:33:17+00:00\" \/>\n<meta property=\"og:image\" content=\"https:\/\/insurancecorp.com.br\/pt\/wp-content\/uploads\/2019\/12\/IMG_20191021_153040519_HDR-6.jpg\" \/>\n\t<meta property=\"og:image:width\" content=\"279\" \/>\n\t<meta property=\"og:image:height\" content=\"181\" \/>\n<meta name=\"twitter:card\" content=\"summary\" \/>\n<script type=\"application\/ld+json\" class=\"yoast-schema-graph\">{\"@context\":\"https:\/\/schema.org\",\"@graph\":[{\"@type\":\"Organization\",\"@id\":\"https:\/\/insurancecorp.com.br\/pt\/#organization\",\"name\":\"Revista Insurance Corp\",\"url\":\"https:\/\/insurancecorp.com.br\/pt\/\",\"sameAs\":[\"https:\/\/www.facebook.com\/RevistaInsuranceCorp\/\"],\"logo\":{\"@type\":\"ImageObject\",\"@id\":\"https:\/\/insurancecorp.com.br\/pt\/#logo\",\"inLanguage\":\"pt-BR\",\"url\":\"\",\"caption\":\"Revista Insurance Corp\"},\"image\":{\"@id\":\"https:\/\/insurancecorp.com.br\/pt\/#logo\"}},{\"@type\":\"WebSite\",\"@id\":\"https:\/\/insurancecorp.com.br\/pt\/#website\",\"url\":\"https:\/\/insurancecorp.com.br\/pt\/\",\"name\":\"Revista Insurance Corp | PT-BR\",\"description\":\"A \\u00fanica revista bil\\u00edngue voltada ao mercado de seguro.\",\"publisher\":{\"@id\":\"https:\/\/insurancecorp.com.br\/pt\/#organization\"},\"potentialAction\":[{\"@type\":\"SearchAction\",\"target\":\"https:\/\/insurancecorp.com.br\/pt\/?s={search_term_string}\",\"query-input\":\"required name=search_term_string\"}],\"inLanguage\":\"pt-BR\"},{\"@type\":\"ImageObject\",\"@id\":\"https:\/\/insurancecorp.com.br\/pt\/2019\/12\/04\/seguro-dpvat-indeniza-mais-de-68-mil-pedestres-por-invalidez-permanente-2\/#primaryimage\",\"inLanguage\":\"pt-BR\",\"url\":\"https:\/\/insurancecorp.com.br\/pt\/wp-content\/uploads\/2019\/12\/IMG_20191021_153040519_HDR-6.jpg\",\"width\":279,\"height\":181},{\"@type\":\"WebPage\",\"@id\":\"https:\/\/insurancecorp.com.br\/pt\/2019\/12\/04\/seguro-dpvat-indeniza-mais-de-68-mil-pedestres-por-invalidez-permanente-2\/#webpage\",\"url\":\"https:\/\/insurancecorp.com.br\/pt\/2019\/12\/04\/seguro-dpvat-indeniza-mais-de-68-mil-pedestres-por-invalidez-permanente-2\/\",\"name\":\"Seguro DPVAT indeniza mais de 68 mil pedestres por invalidez permanente | Revista Insurance Corp | PT-BR\",\"isPartOf\":{\"@id\":\"https:\/\/insurancecorp.com.br\/pt\/#website\"},\"primaryImageOfPage\":{\"@id\":\"https:\/\/insurancecorp.com.br\/pt\/2019\/12\/04\/seguro-dpvat-indeniza-mais-de-68-mil-pedestres-por-invalidez-permanente-2\/#primaryimage\"},\"datePublished\":\"2019-12-04T13:32:32+00:00\",\"dateModified\":\"2019-12-04T13:33:17+00:00\",\"inLanguage\":\"pt-BR\",\"potentialAction\":[{\"@type\":\"ReadAction\",\"target\":[\"https:\/\/insurancecorp.com.br\/pt\/2019\/12\/04\/seguro-dpvat-indeniza-mais-de-68-mil-pedestres-por-invalidez-permanente-2\/\"]}]},{\"@type\":\"Article\",\"@id\":\"https:\/\/insurancecorp.com.br\/pt\/2019\/12\/04\/seguro-dpvat-indeniza-mais-de-68-mil-pedestres-por-invalidez-permanente-2\/#article\",\"isPartOf\":{\"@id\":\"https:\/\/insurancecorp.com.br\/pt\/2019\/12\/04\/seguro-dpvat-indeniza-mais-de-68-mil-pedestres-por-invalidez-permanente-2\/#webpage\"},\"author\":{\"@id\":\"https:\/\/insurancecorp.com.br\/pt\/#\/schema\/person\/1b69c8cf325f0b7167f1b171f52df4af\"},\"headline\":\"Seguro DPVAT indeniza mais de 68 mil pedestres por invalidez permanente\",\"datePublished\":\"2019-12-04T13:32:32+00:00\",\"dateModified\":\"2019-12-04T13:33:17+00:00\",\"mainEntityOfPage\":{\"@id\":\"https:\/\/insurancecorp.com.br\/pt\/2019\/12\/04\/seguro-dpvat-indeniza-mais-de-68-mil-pedestres-por-invalidez-permanente-2\/#webpage\"},\"commentCount\":0,\"publisher\":{\"@id\":\"https:\/\/insurancecorp.com.br\/pt\/#organization\"},\"image\":{\"@id\":\"https:\/\/insurancecorp.com.br\/pt\/2019\/12\/04\/seguro-dpvat-indeniza-mais-de-68-mil-pedestres-por-invalidez-permanente-2\/#primaryimage\"},\"articleSection\":\"L\\u00edder\",\"inLanguage\":\"pt-BR\",\"potentialAction\":[{\"@type\":\"CommentAction\",\"name\":\"Comment\",\"target\":[\"https:\/\/insurancecorp.com.br\/pt\/2019\/12\/04\/seguro-dpvat-indeniza-mais-de-68-mil-pedestres-por-invalidez-permanente-2\/#respond\"]}]},{\"@type\":\"Person\",\"@id\":\"https:\/\/insurancecorp.com.br\/pt\/#\/schema\/person\/1b69c8cf325f0b7167f1b171f52df4af\",\"name\":\"Publica\\u00e7\\u00e3o\",\"image\":{\"@type\":\"ImageObject\",\"@id\":\"https:\/\/insurancecorp.com.br\/pt\/#personlogo\",\"inLanguage\":\"pt-BR\",\"url\":\"https:\/\/secure.gravatar.com\/avatar\/17226f1f60486eb25d4c6b301ffed37f?s=96&d=mm&r=g\",\"caption\":\"Publica\\u00e7\\u00e3o\"}}]}<\/script>\n<!-- \/ Yoast SEO plugin. -->","_links":{"self":[{"href":"https:\/\/insurancecorp.com.br\/pt\/wp-json\/wp\/v2\/posts\/13038"}],"collection":[{"href":"https:\/\/insurancecorp.com.br\/pt\/wp-json\/wp\/v2\/posts"}],"about":[{"href":"https:\/\/insurancecorp.com.br\/pt\/wp-json\/wp\/v2\/types\/post"}],"author":[{"embeddable":true,"href":"https:\/\/insurancecorp.com.br\/pt\/wp-json\/wp\/v2\/users\/2"}],"replies":[{"embeddable":true,"href":"https:\/\/insurancecorp.com.br\/pt\/wp-json\/wp\/v2\/comments?post=13038"}],"version-history":[{"count":1,"href":"https:\/\/insurancecorp.com.br\/pt\/wp-json\/wp\/v2\/posts\/13038\/revisions"}],"predecessor-version":[{"id":13040,"href":"https:\/\/insurancecorp.com.br\/pt\/wp-json\/wp\/v2\/posts\/13038\/revisions\/13040"}],"wp:featuredmedia":[{"embeddable":true,"href":"https:\/\/insurancecorp.com.br\/pt\/wp-json\/wp\/v2\/media\/13039"}],"wp:attachment":[{"href":"https:\/\/insurancecorp.com.br\/pt\/wp-json\/wp\/v2\/media?parent=13038"}],"wp:term":[{"taxonomy":"category","embeddable":true,"href":"https:\/\/insurancecorp.com.br\/pt\/wp-json\/wp\/v2\/categories?post=13038"},{"taxonomy":"post_tag","embeddable":true,"href":"https:\/\/insurancecorp.com.br\/pt\/wp-json\/wp\/v2\/tags?post=13038"}],"curies":[{"name":"wp","href":"https:\/\/api.w.org\/{rel}","templated":true}]}}