{"id":12942,"date":"2019-11-26T17:06:11","date_gmt":"2019-11-26T20:06:11","guid":{"rendered":"https:\/\/insurancecorp.com.br\/pt\/?p=12942"},"modified":"2019-11-26T17:09:19","modified_gmt":"2019-11-26T20:09:19","slug":"os-impactos-da-extincao-do-dpvat","status":"publish","type":"post","link":"https:\/\/insurancecorp.com.br\/pt\/2019\/11\/26\/os-impactos-da-extincao-do-dpvat\/","title":{"rendered":"Os impactos da extin\u00e7\u00e3o do DPVAT"},"content":{"rendered":"<p>No dia de 11 de novembro de 2019, o Poder Executivo surpreendeu a todos os brasileiros com a edi\u00e7\u00e3o da Medida Provis\u00f3ria n\u00ba 904, que disp\u00f5e sobre a extin\u00e7\u00e3o do Seguro Obrigat\u00f3rio de Danos Pessoais causados por Ve\u00edculos Automotores de Vias Terrestres \u2013 DPVAT.<\/p>\n<p>Para que se entenda a extens\u00e3o dessa medida, necess\u00e1rio que se tenha em conta o significado de tal modelo de seguro para o cidad\u00e3o brasileiro. Trata-se de um seguro obrigat\u00f3rio com uma fun\u00e7\u00e3o eminentemente social em raz\u00e3o de que indeniza, independentemente, de verifica\u00e7\u00e3o de culpa, as v\u00edtimas de acidentes de tr\u00e2nsito por ve\u00edculos em via terrestre. S\u00e3o pass\u00edveis de indeniza\u00e7\u00e3o: a morte, a invalidez permanente e as despesas m\u00e9dicas e hospitalares, cada qual com o seu respectivo limitador.<\/p>\n<p>N\u00e3o bastasse, como todo seguro, \u00e9 uma importante fonte de distribui\u00e7\u00e3o de renda.<\/p>\n<p>A justificativa para a extin\u00e7\u00e3o foi a exist\u00eancia de fraudes. Sim, elas certamente existem, como existem em quase todos os ramos de seguro. Mas tamb\u00e9m \u00e9 certo afirmar que existem fraudes em v\u00e1rios programas sociais operados pelo Governo.<\/p>\n<p>Nem por isso se cogita da extin\u00e7\u00e3o deles. Ao contr\u00e1rio, se existem fraudes elas devem ser apuradas com a responsabiliza\u00e7\u00e3o criminal dos autores, mas em hip\u00f3tese alguma acabar com uma modalidade de seguro que beneficia milh\u00f5es de pessoas.<\/p>\n<p>De acordo com a CNSseg (Confedera\u00e7\u00e3o Nacional das Empresas de Seguros Gerais, Previd\u00eancia Privada e Vida, Sa\u00fade Suplementar e Capitaliza\u00e7\u00e3o),\u00a0cerca de 70% dos carros registrados no Brasil n\u00e3o possuem qualquer tipo de seguro ou cobertura privada para prote\u00e7\u00e3o do bem e terceiros.<\/p>\n<p>A opera\u00e7\u00e3o do Seguro DPVAT \u00e9 eminentemente privada, atrav\u00e9s de um cons\u00f3rcio de 73 empresas seguradoras, n\u00e3o existindo nenhuma vincula\u00e7\u00e3o com dinheiro p\u00fablico, e a \u00fanica atribui\u00e7\u00e3o do Governo Federal \u00e9 determinar o capital segurado, por meio do CNSP (Conselho Nacional de Seguros Privados), portanto, o que pretende o governo \u00e9 estatizar uma opera\u00e7\u00e3o privada, indo na contram\u00e3o de seu dito vi\u00e9s privatizador.<\/p>\n<p>\u00c9 importante frisar que o Seguro obrigat\u00f3rio \u00e9 a \u00fanica prote\u00e7\u00e3o para mais de 350 mil pessoas que se envolvem anualmente em acidentes de tr\u00e2nsito. \u00c9 fato not\u00f3rio que as pessoas menos favorecidas economicamente recorrem apenas ao seguro DPVAT para buscar uma indeniza\u00e7\u00e3o, pois n\u00e3o possuem condi\u00e7\u00f5es para contrata\u00e7\u00e3o de um seguro facultativo.<\/p>\n<p>Ademais, repita-se, o Seguro Obrigat\u00f3rio possui um uma importante fun\u00e7\u00e3o social, pois visa amparar as v\u00edtimas de acidentes envolvendo ve\u00edculos de via terrestre repassando 45% de sua receita para o Sistema \u00danico de Sa\u00fade (SUS).<\/p>\n<p>Os n\u00fameros falam por si: em 2018 o DPVAT arrecadou R$ 4,66 bi, repassando para o SUS R$ 2,09 bi e economizou R$ 69,6mi, por conta de fraudes descobertas*. Como se percebe, s\u00e3o recursos que far\u00e3o falta a um sistema falido e com or\u00e7amento contingenciado.<\/p>\n<p>A palavra agora est\u00e1 com o Congresso Nacional que dever\u00e1 debru\u00e7ar-se com a devida aten\u00e7\u00e3o sobre o tema, em raz\u00e3o do alto \u00edndice de acidentes de transito e a precariedade de nosso sistema \u00fanico de sa\u00fade.<\/p>\n<p>*Fonte: Seguradora L\u00edder<\/p>\n<p>*Milton K\u00fcster \u00e9 advogado, s\u00f3cio fundador do K\u00fcster Machado Advogados e respons\u00e1vel pela dire\u00e7\u00e3o direta do escrit\u00f3rio.<\/p>\n<p>*Emerson Magalh\u00e3es \u00e9 advogado, gestor da \u00e1rea de Securit\u00e1rio e Ressecurit\u00e1rio no escrit\u00f3rio K\u00fcster Machado Advogados.<\/p>\n<p><strong>Lide Multim\u00eddia<\/strong><\/p>\n","protected":false},"excerpt":{"rendered":"<p>No dia de 11 de novembro de 2019, o Poder Executivo surpreendeu a todos os brasileiros com a edi\u00e7\u00e3o da Medida Provis\u00f3ria n\u00ba 904, que disp\u00f5e sobre a extin\u00e7\u00e3o do Seguro Obrigat\u00f3rio de Danos Pessoais causados por Ve\u00edculos Automotores de Vias Terrestres \u2013 DPVAT. Para que se entenda a extens\u00e3o dessa medida, necess\u00e1rio que se [&hellip;]<\/p>\n","protected":false},"author":2,"featured_media":11081,"comment_status":"open","ping_status":"open","sticky":false,"template":"","format":"standard","meta":[],"categories":[147],"tags":[],"jetpack_featured_media_url":"https:\/\/insurancecorp.com.br\/pt\/wp-content\/uploads\/2019\/09\/Expo-ABGR-2019-1.jpg","yoast_head":"<!-- This site is optimized with the Yoast SEO plugin v14.8 - https:\/\/yoast.com\/wordpress\/plugins\/seo\/ -->\n<title>Os impactos da extin\u00e7\u00e3o do DPVAT | Revista Insurance Corp | PT-BR<\/title>\n<meta name=\"robots\" content=\"index, follow\" \/>\n<meta name=\"googlebot\" content=\"index, follow, max-snippet:-1, max-image-preview:large, max-video-preview:-1\" \/>\n<meta name=\"bingbot\" content=\"index, follow, max-snippet:-1, max-image-preview:large, max-video-preview:-1\" \/>\n<link rel=\"canonical\" href=\"https:\/\/insurancecorp.com.br\/pt\/2019\/11\/26\/os-impactos-da-extincao-do-dpvat\/\" \/>\n<meta property=\"og:locale\" content=\"pt_BR\" \/>\n<meta property=\"og:type\" content=\"article\" \/>\n<meta property=\"og:title\" content=\"Os impactos da extin\u00e7\u00e3o do DPVAT | Revista Insurance Corp | PT-BR\" \/>\n<meta property=\"og:description\" content=\"No dia de 11 de novembro de 2019, o Poder Executivo surpreendeu a todos os brasileiros com a edi\u00e7\u00e3o da Medida Provis\u00f3ria n\u00ba 904, que disp\u00f5e sobre a extin\u00e7\u00e3o do Seguro Obrigat\u00f3rio de Danos Pessoais causados por Ve\u00edculos Automotores de Vias Terrestres \u2013 DPVAT. Para que se entenda a extens\u00e3o dessa medida, necess\u00e1rio que se [&hellip;]\" \/>\n<meta property=\"og:url\" content=\"https:\/\/insurancecorp.com.br\/pt\/2019\/11\/26\/os-impactos-da-extincao-do-dpvat\/\" \/>\n<meta property=\"og:site_name\" content=\"Revista Insurance Corp | PT-BR\" \/>\n<meta property=\"article:publisher\" content=\"https:\/\/www.facebook.com\/RevistaInsuranceCorp\/\" \/>\n<meta property=\"article:published_time\" content=\"2019-11-26T20:06:11+00:00\" \/>\n<meta property=\"article:modified_time\" content=\"2019-11-26T20:09:19+00:00\" \/>\n<meta property=\"og:image\" content=\"https:\/\/insurancecorp.com.br\/pt\/wp-content\/uploads\/2019\/09\/Expo-ABGR-2019-1.jpg\" \/>\n\t<meta property=\"og:image:width\" content=\"277\" \/>\n\t<meta property=\"og:image:height\" content=\"182\" \/>\n<meta name=\"twitter:card\" content=\"summary\" \/>\n<script type=\"application\/ld+json\" class=\"yoast-schema-graph\">{\"@context\":\"https:\/\/schema.org\",\"@graph\":[{\"@type\":\"Organization\",\"@id\":\"https:\/\/insurancecorp.com.br\/pt\/#organization\",\"name\":\"Revista Insurance Corp\",\"url\":\"https:\/\/insurancecorp.com.br\/pt\/\",\"sameAs\":[\"https:\/\/www.facebook.com\/RevistaInsuranceCorp\/\"],\"logo\":{\"@type\":\"ImageObject\",\"@id\":\"https:\/\/insurancecorp.com.br\/pt\/#logo\",\"inLanguage\":\"pt-BR\",\"url\":\"\",\"caption\":\"Revista Insurance Corp\"},\"image\":{\"@id\":\"https:\/\/insurancecorp.com.br\/pt\/#logo\"}},{\"@type\":\"WebSite\",\"@id\":\"https:\/\/insurancecorp.com.br\/pt\/#website\",\"url\":\"https:\/\/insurancecorp.com.br\/pt\/\",\"name\":\"Revista Insurance Corp | PT-BR\",\"description\":\"A \\u00fanica revista bil\\u00edngue voltada ao mercado de seguro.\",\"publisher\":{\"@id\":\"https:\/\/insurancecorp.com.br\/pt\/#organization\"},\"potentialAction\":[{\"@type\":\"SearchAction\",\"target\":\"https:\/\/insurancecorp.com.br\/pt\/?s={search_term_string}\",\"query-input\":\"required name=search_term_string\"}],\"inLanguage\":\"pt-BR\"},{\"@type\":\"ImageObject\",\"@id\":\"https:\/\/insurancecorp.com.br\/pt\/2019\/11\/26\/os-impactos-da-extincao-do-dpvat\/#primaryimage\",\"inLanguage\":\"pt-BR\",\"url\":\"https:\/\/insurancecorp.com.br\/pt\/wp-content\/uploads\/2019\/09\/Expo-ABGR-2019-1.jpg\",\"width\":277,\"height\":182},{\"@type\":\"WebPage\",\"@id\":\"https:\/\/insurancecorp.com.br\/pt\/2019\/11\/26\/os-impactos-da-extincao-do-dpvat\/#webpage\",\"url\":\"https:\/\/insurancecorp.com.br\/pt\/2019\/11\/26\/os-impactos-da-extincao-do-dpvat\/\",\"name\":\"Os impactos da extin\\u00e7\\u00e3o do DPVAT | Revista Insurance Corp | PT-BR\",\"isPartOf\":{\"@id\":\"https:\/\/insurancecorp.com.br\/pt\/#website\"},\"primaryImageOfPage\":{\"@id\":\"https:\/\/insurancecorp.com.br\/pt\/2019\/11\/26\/os-impactos-da-extincao-do-dpvat\/#primaryimage\"},\"datePublished\":\"2019-11-26T20:06:11+00:00\",\"dateModified\":\"2019-11-26T20:09:19+00:00\",\"inLanguage\":\"pt-BR\",\"potentialAction\":[{\"@type\":\"ReadAction\",\"target\":[\"https:\/\/insurancecorp.com.br\/pt\/2019\/11\/26\/os-impactos-da-extincao-do-dpvat\/\"]}]},{\"@type\":\"Article\",\"@id\":\"https:\/\/insurancecorp.com.br\/pt\/2019\/11\/26\/os-impactos-da-extincao-do-dpvat\/#article\",\"isPartOf\":{\"@id\":\"https:\/\/insurancecorp.com.br\/pt\/2019\/11\/26\/os-impactos-da-extincao-do-dpvat\/#webpage\"},\"author\":{\"@id\":\"https:\/\/insurancecorp.com.br\/pt\/#\/schema\/person\/1b69c8cf325f0b7167f1b171f52df4af\"},\"headline\":\"Os impactos da extin\\u00e7\\u00e3o do DPVAT\",\"datePublished\":\"2019-11-26T20:06:11+00:00\",\"dateModified\":\"2019-11-26T20:09:19+00:00\",\"mainEntityOfPage\":{\"@id\":\"https:\/\/insurancecorp.com.br\/pt\/2019\/11\/26\/os-impactos-da-extincao-do-dpvat\/#webpage\"},\"commentCount\":0,\"publisher\":{\"@id\":\"https:\/\/insurancecorp.com.br\/pt\/#organization\"},\"image\":{\"@id\":\"https:\/\/insurancecorp.com.br\/pt\/2019\/11\/26\/os-impactos-da-extincao-do-dpvat\/#primaryimage\"},\"articleSection\":\"L\\u00edder\",\"inLanguage\":\"pt-BR\",\"potentialAction\":[{\"@type\":\"CommentAction\",\"name\":\"Comment\",\"target\":[\"https:\/\/insurancecorp.com.br\/pt\/2019\/11\/26\/os-impactos-da-extincao-do-dpvat\/#respond\"]}]},{\"@type\":\"Person\",\"@id\":\"https:\/\/insurancecorp.com.br\/pt\/#\/schema\/person\/1b69c8cf325f0b7167f1b171f52df4af\",\"name\":\"Publica\\u00e7\\u00e3o\",\"image\":{\"@type\":\"ImageObject\",\"@id\":\"https:\/\/insurancecorp.com.br\/pt\/#personlogo\",\"inLanguage\":\"pt-BR\",\"url\":\"https:\/\/secure.gravatar.com\/avatar\/17226f1f60486eb25d4c6b301ffed37f?s=96&d=mm&r=g\",\"caption\":\"Publica\\u00e7\\u00e3o\"}}]}<\/script>\n<!-- \/ Yoast SEO plugin. -->","_links":{"self":[{"href":"https:\/\/insurancecorp.com.br\/pt\/wp-json\/wp\/v2\/posts\/12942"}],"collection":[{"href":"https:\/\/insurancecorp.com.br\/pt\/wp-json\/wp\/v2\/posts"}],"about":[{"href":"https:\/\/insurancecorp.com.br\/pt\/wp-json\/wp\/v2\/types\/post"}],"author":[{"embeddable":true,"href":"https:\/\/insurancecorp.com.br\/pt\/wp-json\/wp\/v2\/users\/2"}],"replies":[{"embeddable":true,"href":"https:\/\/insurancecorp.com.br\/pt\/wp-json\/wp\/v2\/comments?post=12942"}],"version-history":[{"count":1,"href":"https:\/\/insurancecorp.com.br\/pt\/wp-json\/wp\/v2\/posts\/12942\/revisions"}],"predecessor-version":[{"id":12943,"href":"https:\/\/insurancecorp.com.br\/pt\/wp-json\/wp\/v2\/posts\/12942\/revisions\/12943"}],"wp:featuredmedia":[{"embeddable":true,"href":"https:\/\/insurancecorp.com.br\/pt\/wp-json\/wp\/v2\/media\/11081"}],"wp:attachment":[{"href":"https:\/\/insurancecorp.com.br\/pt\/wp-json\/wp\/v2\/media?parent=12942"}],"wp:term":[{"taxonomy":"category","embeddable":true,"href":"https:\/\/insurancecorp.com.br\/pt\/wp-json\/wp\/v2\/categories?post=12942"},{"taxonomy":"post_tag","embeddable":true,"href":"https:\/\/insurancecorp.com.br\/pt\/wp-json\/wp\/v2\/tags?post=12942"}],"curies":[{"name":"wp","href":"https:\/\/api.w.org\/{rel}","templated":true}]}}