{"id":12772,"date":"2019-11-13T10:27:58","date_gmt":"2019-11-13T13:27:58","guid":{"rendered":"https:\/\/insurancecorp.com.br\/pt\/?p=12772"},"modified":"2019-11-13T10:27:58","modified_gmt":"2019-11-13T13:27:58","slug":"valores-de-indenizacao-do-seguro-dpvat","status":"publish","type":"post","link":"https:\/\/insurancecorp.com.br\/pt\/2019\/11\/13\/valores-de-indenizacao-do-seguro-dpvat\/","title":{"rendered":"Valores de indeniza\u00e7\u00e3o do Seguro DPVAT:"},"content":{"rendered":"<form id=\"aspnetForm\" action=\"\/pages\/newsletter-detalhe.aspx?cid=412\" method=\"post\">\n<div id=\"s4-workspace\">\n<div id=\"s4-bodyContainer\">\n<div data-name=\"ContentPlaceHolderMain\">\n<div class=\"content-wrap\">\n<div class=\"container\">\n<div class=\"row\">\n<div id=\"ctl00_PlaceHolderMain_ctl02__ControlWrapper_RichHtmlField\" class=\"ms-rtestate-field\" aria-labelledby=\"ctl00_PlaceHolderMain_ctl02_label\">\n<div class=\"news-detalhe\">\n<div class=\"ms-rtestate-read ms-rte-wpbox\">\n<div id=\"div_2c43d65d-f183-487c-a5cb-77d6e5f6664a\" class=\"ms-rtestate-notify  ms-rtestate-read 2c43d65d-f183-487c-a5cb-77d6e5f6664a\">\n<div id=\"MSOZoneCell_WebPartctl00_ctl46_g_2c43d65d_f183_487c_a5cb_77d6e5f6664a\" class=\"s4-wpcell-plain ms-webpartzone-cell ms-webpart-cell-vertical ms-fullWidth \">\n<div class=\"ms-webpart-chrome ms-webpart-chrome-vertical ms-webpart-chrome-fullWidth \">\n<div id=\"WebPartctl00_ctl46_g_2c43d65d_f183_487c_a5cb_77d6e5f6664a\" class=\"ms-WPBody \">\n<div id=\"ctl00_ctl46_g_2c43d65d_f183_487c_a5cb_77d6e5f6664a\">\n<div class=\"ExternalClass9E1BAA1B868D49059452EF55AED6747D\">\n<p>O Senador Rodrigo Pacheco, do DEM, apresentou, na \u00faltima sexta, dia 08, um relat\u00f3rio ao Projeto de Lei do Senado 498, de 2015, que altera a Lei n\u00ba 6.194, de 19 de dezembro de 1974, para reajustar o valor das indeniza\u00e7\u00f5es pagas pelo Seguro de Acidente de Tr\u00e2nsito (o Seguro DPVAT). O relat\u00f3rio \u00e9 favor\u00e1vel ao aumento dos valores pagos como indeniza\u00e7\u00e3o ao Seguro DPVAT, sem reajuste h\u00e1 mais de 11 anos, indicando que a cobertura por morte chegue ao valor de R$21.640,00; a cobertura por invalidez permanente chegue ao valor de at\u00e9 R$21.640,00; e a cobertura por reembolso de despesas m\u00e9dicas (DAMS) seja definida em at\u00e9 R$4.340,00.<\/p>\n<p>Ao analisar o projeto original de 2015, o Senador escreve em seu relat\u00f3rio que \u201c&#8230;concordamos com o autor da proposta quando este salienta ser de extrema relev\u00e2ncia recuperar o valor real das indeniza\u00e7\u00f5es pagas, visto que a defasagem dos valores \u00e9 extrema\u201d. Al\u00e9m disso, o Senador finaliza o relat\u00f3rio, incluindo a seguinte emenda: \u201cEntendemos ser necess\u00e1rio garantir que essa situa\u00e7\u00e3o de defasagem dos valores das indeniza\u00e7\u00f5es n\u00e3o volte a se repetir. Por essa raz\u00e3o, consideramos ser fundamental acrescentar uma cl\u00e1usula de corre\u00e7\u00e3o monet\u00e1ria de tais valores, com base na varia\u00e7\u00e3o anual do \u00cdndice Nacional de Pre\u00e7os ao Consumidor Amplo \u2013 IPCA, calculado pelo Instituto Brasileiro de Geografia e Estat\u00edstica \u2013 IBGE, ou outro \u00edndice que venha a substitu\u00ed-lo. Assim, somos levados a apresentar uma emenda ao projeto\u201d.<\/p>\n<p>A proposta encontra-se em exame na Comiss\u00e3o de Assuntos Econ\u00f4micos (CAE), em decis\u00e3o terminativa, e segue detalhada no seguinte link: <a href=\"https:\/\/legis.senado.leg.br\/sdleg-getter\/documento?dm=8036558&amp;ts=1573152872602&amp;disposition=inline\">https:\/\/legis.senado.leg.br\/sdleg-getter\/documento?dm=8036558&amp;ts=1573152872602&amp;disposition=inline<\/a><\/p>\n<p><strong>Boletim Seguradora L\u00edder\u00a0Edi\u00e7\u00e3o 106| Novembro | 2019<\/strong><\/p>\n<\/div>\n<\/div>\n<\/div>\n<\/div>\n<\/div>\n<\/div>\n<\/div>\n<\/div>\n<\/div>\n<\/div>\n<\/div>\n<\/div>\n<\/div>\n<\/div>\n<\/div>\n<\/form>\n","protected":false},"excerpt":{"rendered":"<p>O Senador Rodrigo Pacheco, do DEM, apresentou, na \u00faltima sexta, dia 08, um relat\u00f3rio ao Projeto de Lei do Senado 498, de 2015, que altera a Lei n\u00ba 6.194, de 19 de dezembro de 1974, para reajustar o valor das indeniza\u00e7\u00f5es pagas pelo Seguro de Acidente de Tr\u00e2nsito (o Seguro DPVAT). O relat\u00f3rio \u00e9 favor\u00e1vel [&hellip;]<\/p>\n","protected":false},"author":2,"featured_media":12773,"comment_status":"open","ping_status":"open","sticky":false,"template":"","format":"standard","meta":[],"categories":[147],"tags":[],"jetpack_featured_media_url":"https:\/\/insurancecorp.com.br\/pt\/wp-content\/uploads\/2019\/11\/thumbnail_Capa-livro-2-4.png","yoast_head":"<!-- This site is optimized with the Yoast SEO plugin v14.8 - https:\/\/yoast.com\/wordpress\/plugins\/seo\/ -->\n<title>Valores de indeniza\u00e7\u00e3o do Seguro DPVAT: | Revista Insurance Corp | PT-BR<\/title>\n<meta name=\"robots\" content=\"index, follow\" \/>\n<meta name=\"googlebot\" content=\"index, follow, max-snippet:-1, max-image-preview:large, max-video-preview:-1\" \/>\n<meta name=\"bingbot\" content=\"index, follow, max-snippet:-1, max-image-preview:large, max-video-preview:-1\" \/>\n<link rel=\"canonical\" href=\"https:\/\/insurancecorp.com.br\/pt\/2019\/11\/13\/valores-de-indenizacao-do-seguro-dpvat\/\" \/>\n<meta property=\"og:locale\" content=\"pt_BR\" \/>\n<meta property=\"og:type\" content=\"article\" \/>\n<meta property=\"og:title\" content=\"Valores de indeniza\u00e7\u00e3o do Seguro DPVAT: | Revista Insurance Corp | PT-BR\" \/>\n<meta property=\"og:description\" content=\"O Senador Rodrigo Pacheco, do DEM, apresentou, na \u00faltima sexta, dia 08, um relat\u00f3rio ao Projeto de Lei do Senado 498, de 2015, que altera a Lei n\u00ba 6.194, de 19 de dezembro de 1974, para reajustar o valor das indeniza\u00e7\u00f5es pagas pelo Seguro de Acidente de Tr\u00e2nsito (o Seguro DPVAT). O relat\u00f3rio \u00e9 favor\u00e1vel [&hellip;]\" \/>\n<meta property=\"og:url\" content=\"https:\/\/insurancecorp.com.br\/pt\/2019\/11\/13\/valores-de-indenizacao-do-seguro-dpvat\/\" \/>\n<meta property=\"og:site_name\" content=\"Revista Insurance Corp | PT-BR\" \/>\n<meta property=\"article:publisher\" content=\"https:\/\/www.facebook.com\/RevistaInsuranceCorp\/\" \/>\n<meta property=\"article:published_time\" content=\"2019-11-13T13:27:58+00:00\" \/>\n<meta property=\"og:image\" content=\"https:\/\/insurancecorp.com.br\/pt\/wp-content\/uploads\/2019\/11\/thumbnail_Capa-livro-2-4.png\" \/>\n\t<meta property=\"og:image:width\" content=\"650\" \/>\n\t<meta property=\"og:image:height\" content=\"250\" \/>\n<meta name=\"twitter:card\" content=\"summary\" \/>\n<script type=\"application\/ld+json\" class=\"yoast-schema-graph\">{\"@context\":\"https:\/\/schema.org\",\"@graph\":[{\"@type\":\"Organization\",\"@id\":\"https:\/\/insurancecorp.com.br\/pt\/#organization\",\"name\":\"Revista Insurance Corp\",\"url\":\"https:\/\/insurancecorp.com.br\/pt\/\",\"sameAs\":[\"https:\/\/www.facebook.com\/RevistaInsuranceCorp\/\"],\"logo\":{\"@type\":\"ImageObject\",\"@id\":\"https:\/\/insurancecorp.com.br\/pt\/#logo\",\"inLanguage\":\"pt-BR\",\"url\":\"\",\"caption\":\"Revista Insurance Corp\"},\"image\":{\"@id\":\"https:\/\/insurancecorp.com.br\/pt\/#logo\"}},{\"@type\":\"WebSite\",\"@id\":\"https:\/\/insurancecorp.com.br\/pt\/#website\",\"url\":\"https:\/\/insurancecorp.com.br\/pt\/\",\"name\":\"Revista Insurance Corp | PT-BR\",\"description\":\"A \\u00fanica revista bil\\u00edngue voltada ao mercado de seguro.\",\"publisher\":{\"@id\":\"https:\/\/insurancecorp.com.br\/pt\/#organization\"},\"potentialAction\":[{\"@type\":\"SearchAction\",\"target\":\"https:\/\/insurancecorp.com.br\/pt\/?s={search_term_string}\",\"query-input\":\"required name=search_term_string\"}],\"inLanguage\":\"pt-BR\"},{\"@type\":\"ImageObject\",\"@id\":\"https:\/\/insurancecorp.com.br\/pt\/2019\/11\/13\/valores-de-indenizacao-do-seguro-dpvat\/#primaryimage\",\"inLanguage\":\"pt-BR\",\"url\":\"https:\/\/insurancecorp.com.br\/pt\/wp-content\/uploads\/2019\/11\/thumbnail_Capa-livro-2-4.png\",\"width\":650,\"height\":250},{\"@type\":\"WebPage\",\"@id\":\"https:\/\/insurancecorp.com.br\/pt\/2019\/11\/13\/valores-de-indenizacao-do-seguro-dpvat\/#webpage\",\"url\":\"https:\/\/insurancecorp.com.br\/pt\/2019\/11\/13\/valores-de-indenizacao-do-seguro-dpvat\/\",\"name\":\"Valores de indeniza\\u00e7\\u00e3o do Seguro DPVAT: | Revista Insurance Corp | PT-BR\",\"isPartOf\":{\"@id\":\"https:\/\/insurancecorp.com.br\/pt\/#website\"},\"primaryImageOfPage\":{\"@id\":\"https:\/\/insurancecorp.com.br\/pt\/2019\/11\/13\/valores-de-indenizacao-do-seguro-dpvat\/#primaryimage\"},\"datePublished\":\"2019-11-13T13:27:58+00:00\",\"dateModified\":\"2019-11-13T13:27:58+00:00\",\"inLanguage\":\"pt-BR\",\"potentialAction\":[{\"@type\":\"ReadAction\",\"target\":[\"https:\/\/insurancecorp.com.br\/pt\/2019\/11\/13\/valores-de-indenizacao-do-seguro-dpvat\/\"]}]},{\"@type\":\"Article\",\"@id\":\"https:\/\/insurancecorp.com.br\/pt\/2019\/11\/13\/valores-de-indenizacao-do-seguro-dpvat\/#article\",\"isPartOf\":{\"@id\":\"https:\/\/insurancecorp.com.br\/pt\/2019\/11\/13\/valores-de-indenizacao-do-seguro-dpvat\/#webpage\"},\"author\":{\"@id\":\"https:\/\/insurancecorp.com.br\/pt\/#\/schema\/person\/1b69c8cf325f0b7167f1b171f52df4af\"},\"headline\":\"Valores de indeniza\\u00e7\\u00e3o do Seguro DPVAT:\",\"datePublished\":\"2019-11-13T13:27:58+00:00\",\"dateModified\":\"2019-11-13T13:27:58+00:00\",\"mainEntityOfPage\":{\"@id\":\"https:\/\/insurancecorp.com.br\/pt\/2019\/11\/13\/valores-de-indenizacao-do-seguro-dpvat\/#webpage\"},\"commentCount\":0,\"publisher\":{\"@id\":\"https:\/\/insurancecorp.com.br\/pt\/#organization\"},\"image\":{\"@id\":\"https:\/\/insurancecorp.com.br\/pt\/2019\/11\/13\/valores-de-indenizacao-do-seguro-dpvat\/#primaryimage\"},\"articleSection\":\"L\\u00edder\",\"inLanguage\":\"pt-BR\",\"potentialAction\":[{\"@type\":\"CommentAction\",\"name\":\"Comment\",\"target\":[\"https:\/\/insurancecorp.com.br\/pt\/2019\/11\/13\/valores-de-indenizacao-do-seguro-dpvat\/#respond\"]}]},{\"@type\":\"Person\",\"@id\":\"https:\/\/insurancecorp.com.br\/pt\/#\/schema\/person\/1b69c8cf325f0b7167f1b171f52df4af\",\"name\":\"Publica\\u00e7\\u00e3o\",\"image\":{\"@type\":\"ImageObject\",\"@id\":\"https:\/\/insurancecorp.com.br\/pt\/#personlogo\",\"inLanguage\":\"pt-BR\",\"url\":\"https:\/\/secure.gravatar.com\/avatar\/17226f1f60486eb25d4c6b301ffed37f?s=96&d=mm&r=g\",\"caption\":\"Publica\\u00e7\\u00e3o\"}}]}<\/script>\n<!-- \/ Yoast SEO plugin. -->","_links":{"self":[{"href":"https:\/\/insurancecorp.com.br\/pt\/wp-json\/wp\/v2\/posts\/12772"}],"collection":[{"href":"https:\/\/insurancecorp.com.br\/pt\/wp-json\/wp\/v2\/posts"}],"about":[{"href":"https:\/\/insurancecorp.com.br\/pt\/wp-json\/wp\/v2\/types\/post"}],"author":[{"embeddable":true,"href":"https:\/\/insurancecorp.com.br\/pt\/wp-json\/wp\/v2\/users\/2"}],"replies":[{"embeddable":true,"href":"https:\/\/insurancecorp.com.br\/pt\/wp-json\/wp\/v2\/comments?post=12772"}],"version-history":[{"count":1,"href":"https:\/\/insurancecorp.com.br\/pt\/wp-json\/wp\/v2\/posts\/12772\/revisions"}],"predecessor-version":[{"id":12774,"href":"https:\/\/insurancecorp.com.br\/pt\/wp-json\/wp\/v2\/posts\/12772\/revisions\/12774"}],"wp:featuredmedia":[{"embeddable":true,"href":"https:\/\/insurancecorp.com.br\/pt\/wp-json\/wp\/v2\/media\/12773"}],"wp:attachment":[{"href":"https:\/\/insurancecorp.com.br\/pt\/wp-json\/wp\/v2\/media?parent=12772"}],"wp:term":[{"taxonomy":"category","embeddable":true,"href":"https:\/\/insurancecorp.com.br\/pt\/wp-json\/wp\/v2\/categories?post=12772"},{"taxonomy":"post_tag","embeddable":true,"href":"https:\/\/insurancecorp.com.br\/pt\/wp-json\/wp\/v2\/tags?post=12772"}],"curies":[{"name":"wp","href":"https:\/\/api.w.org\/{rel}","templated":true}]}}