{"id":12285,"date":"2019-10-22T10:05:59","date_gmt":"2019-10-22T13:05:59","guid":{"rendered":"https:\/\/insurancecorp.com.br\/pt\/?p=12285"},"modified":"2019-10-22T10:09:09","modified_gmt":"2019-10-22T13:09:09","slug":"presidente-da-fenasaude-discute-sustentabilidade-do-setor-em-seminario-do-csp-mg","status":"publish","type":"post","link":"https:\/\/insurancecorp.com.br\/pt\/2019\/10\/22\/presidente-da-fenasaude-discute-sustentabilidade-do-setor-em-seminario-do-csp-mg\/","title":{"rendered":"Presidente da FenaSa\u00fade discute sustentabilidade do setor em Semin\u00e1rio do CSP-MG"},"content":{"rendered":"<p class=\"ydpb31462cbmsonormal\"><span style=\"font-family: 'Helvetica',sans-serif;\">Um dos maiores desafios hoje para a sustentabilidade dos sistemas privados de sa\u00fade no mundo \u00e9 o crescente aumento das despesas m\u00e9dico-hospitalares. No Brasil, os custos sobem em m\u00e9dia 3,4 vezes acima da infla\u00e7\u00e3o, como demonstrou o presidente da FenaSa\u00fade, Jo\u00e3o Alceu Moroso Lima, em semin\u00e1rio realizado no dia 18 de outubro pelo Clube de Seguros de Pessoas de Minas Gerais (CSP-MG).<\/span><\/p>\n<p class=\"ydpb31462cbmsonormal\"><span style=\"font-family: 'Helvetica',sans-serif;\">O n\u00famero de pessoas que deixaram de ter um plano de sa\u00fade no Pa\u00eds tamb\u00e9m \u00e9 preocupante. Segundo dados da Federa\u00e7\u00e3o, nos \u00faltimos cinco anos, cerca de 3,5 milh\u00f5es de benefici\u00e1rios sa\u00edram do mercado privado, em fun\u00e7\u00e3o da queda da renda e do desemprego, o que tamb\u00e9m sobrecarrega o sistema p\u00fablico. <\/span><\/p>\n<p class=\"ydpb31462cbmsonormal\"><span style=\"font-family: 'Helvetica',sans-serif;\">Para buscar o equil\u00edbrio das contas, o presidente da FenaSa\u00fade avalia que \u00e9 preciso maior investimento em programas de aten\u00e7\u00e3o prim\u00e1ria \u00e0 sa\u00fade, mudan\u00e7as no modelo de remunera\u00e7\u00e3o de prestadores de servi\u00e7o, racionaliza\u00e7\u00e3o de despesas e combate aos desperd\u00edcios. <\/span><\/p>\n<p class=\"ydpb31462cbmsonormal\"><span style=\"font-family: 'Helvetica',sans-serif;\">Amoroso Lima tamb\u00e9m defende o acesso de mais usu\u00e1rios ao sistema por meio da oferta de novos produtos. \u201cPor que n\u00e3o criar planos segmentados, com coberturas mais simplificadas, que se adaptem \u00e0 capacidade de renda das pessoas?\u201d, questiona.\u00a0 <\/span><\/p>\n<p class=\"ydpb31462cbmsonormal\"><span style=\"font-family: 'Helvetica',sans-serif;\">Ap\u00f3s a palestra do presidente da FenaSa\u00fade, executivos das benem\u00e9ritas do CSP-MG, que atuam na \u00e1rea, participaram de mesa-redonda mediada pelo diretor do Clube, Mauricio Tadeu Barros Morais, que contou ainda com a presen\u00e7a do diretor da Abramge, Felipe Rossi. <\/span><\/p>\n<p class=\"ydpb31462cbmsonormal\"><span style=\"font-family: 'Helvetica',sans-serif;\">O presidente do CSP-MG, Jo\u00e3o Paulo Moreira de Mello, refor\u00e7ou que a miss\u00e3o da entidade \u00e9 promover o debate sobre temas relevantes do mercado de seguros de pessoas. \u201cNesta oportunidade, contamos com o presidente da FenaSa\u00fade que nos apresentou a situa\u00e7\u00e3o atual e os principais desafios a serem superados pelo setor. O objetivo do evento foi alcan\u00e7ado, j\u00e1 que tivemos a expressiva participa\u00e7\u00e3o do p\u00fablico, em sua maioria corretores, representantes de seguradoras e operadoras, al\u00e9m de autoridades da \u00e1rea\u201d, avaliou.<\/span><\/p>\n<p><strong>DG Comunica\u00e7\u00e3o<\/strong><\/p>\n<p>Foto\/\u00a0 cr\u00e9dito Arnaldo Athayde<\/p>\n","protected":false},"excerpt":{"rendered":"<p>Um dos maiores desafios hoje para a sustentabilidade dos sistemas privados de sa\u00fade no mundo \u00e9 o crescente aumento das despesas m\u00e9dico-hospitalares. No Brasil, os custos sobem em m\u00e9dia 3,4 vezes acima da infla\u00e7\u00e3o, como demonstrou o presidente da FenaSa\u00fade, Jo\u00e3o Alceu Moroso Lima, em semin\u00e1rio realizado no dia 18 de outubro pelo Clube de [&hellip;]<\/p>\n","protected":false},"author":2,"featured_media":12286,"comment_status":"open","ping_status":"open","sticky":false,"template":"","format":"standard","meta":[],"categories":[279],"tags":[],"jetpack_featured_media_url":"https:\/\/insurancecorp.com.br\/pt\/wp-content\/uploads\/2019\/10\/Ituran-16.jpg","yoast_head":"<!-- This site is optimized with the Yoast SEO plugin v14.8 - https:\/\/yoast.com\/wordpress\/plugins\/seo\/ -->\n<title>Presidente da FenaSa\u00fade discute sustentabilidade do setor em Semin\u00e1rio do CSP-MG | Revista Insurance Corp | PT-BR<\/title>\n<meta name=\"robots\" content=\"index, follow\" \/>\n<meta name=\"googlebot\" content=\"index, follow, max-snippet:-1, max-image-preview:large, max-video-preview:-1\" \/>\n<meta name=\"bingbot\" content=\"index, follow, max-snippet:-1, max-image-preview:large, max-video-preview:-1\" \/>\n<link rel=\"canonical\" href=\"https:\/\/insurancecorp.com.br\/pt\/2019\/10\/22\/presidente-da-fenasaude-discute-sustentabilidade-do-setor-em-seminario-do-csp-mg\/\" \/>\n<meta property=\"og:locale\" content=\"pt_BR\" \/>\n<meta property=\"og:type\" content=\"article\" \/>\n<meta property=\"og:title\" content=\"Presidente da FenaSa\u00fade discute sustentabilidade do setor em Semin\u00e1rio do CSP-MG | Revista Insurance Corp | PT-BR\" \/>\n<meta property=\"og:description\" content=\"Um dos maiores desafios hoje para a sustentabilidade dos sistemas privados de sa\u00fade no mundo \u00e9 o crescente aumento das despesas m\u00e9dico-hospitalares. No Brasil, os custos sobem em m\u00e9dia 3,4 vezes acima da infla\u00e7\u00e3o, como demonstrou o presidente da FenaSa\u00fade, Jo\u00e3o Alceu Moroso Lima, em semin\u00e1rio realizado no dia 18 de outubro pelo Clube de [&hellip;]\" \/>\n<meta property=\"og:url\" content=\"https:\/\/insurancecorp.com.br\/pt\/2019\/10\/22\/presidente-da-fenasaude-discute-sustentabilidade-do-setor-em-seminario-do-csp-mg\/\" \/>\n<meta property=\"og:site_name\" content=\"Revista Insurance Corp | PT-BR\" \/>\n<meta property=\"article:publisher\" content=\"https:\/\/www.facebook.com\/RevistaInsuranceCorp\/\" \/>\n<meta property=\"article:published_time\" content=\"2019-10-22T13:05:59+00:00\" \/>\n<meta property=\"article:modified_time\" content=\"2019-10-22T13:09:09+00:00\" \/>\n<meta property=\"og:image\" content=\"https:\/\/insurancecorp.com.br\/pt\/wp-content\/uploads\/2019\/10\/Ituran-16.jpg\" \/>\n\t<meta property=\"og:image:width\" content=\"1200\" \/>\n\t<meta property=\"og:image:height\" content=\"800\" \/>\n<meta name=\"twitter:card\" content=\"summary\" \/>\n<script type=\"application\/ld+json\" class=\"yoast-schema-graph\">{\"@context\":\"https:\/\/schema.org\",\"@graph\":[{\"@type\":\"Organization\",\"@id\":\"https:\/\/insurancecorp.com.br\/pt\/#organization\",\"name\":\"Revista Insurance Corp\",\"url\":\"https:\/\/insurancecorp.com.br\/pt\/\",\"sameAs\":[\"https:\/\/www.facebook.com\/RevistaInsuranceCorp\/\"],\"logo\":{\"@type\":\"ImageObject\",\"@id\":\"https:\/\/insurancecorp.com.br\/pt\/#logo\",\"inLanguage\":\"pt-BR\",\"url\":\"\",\"caption\":\"Revista Insurance Corp\"},\"image\":{\"@id\":\"https:\/\/insurancecorp.com.br\/pt\/#logo\"}},{\"@type\":\"WebSite\",\"@id\":\"https:\/\/insurancecorp.com.br\/pt\/#website\",\"url\":\"https:\/\/insurancecorp.com.br\/pt\/\",\"name\":\"Revista Insurance Corp | PT-BR\",\"description\":\"A \\u00fanica revista bil\\u00edngue voltada ao mercado de seguro.\",\"publisher\":{\"@id\":\"https:\/\/insurancecorp.com.br\/pt\/#organization\"},\"potentialAction\":[{\"@type\":\"SearchAction\",\"target\":\"https:\/\/insurancecorp.com.br\/pt\/?s={search_term_string}\",\"query-input\":\"required name=search_term_string\"}],\"inLanguage\":\"pt-BR\"},{\"@type\":\"ImageObject\",\"@id\":\"https:\/\/insurancecorp.com.br\/pt\/2019\/10\/22\/presidente-da-fenasaude-discute-sustentabilidade-do-setor-em-seminario-do-csp-mg\/#primaryimage\",\"inLanguage\":\"pt-BR\",\"url\":\"https:\/\/insurancecorp.com.br\/pt\/wp-content\/uploads\/2019\/10\/Ituran-16.jpg\",\"width\":1200,\"height\":800},{\"@type\":\"WebPage\",\"@id\":\"https:\/\/insurancecorp.com.br\/pt\/2019\/10\/22\/presidente-da-fenasaude-discute-sustentabilidade-do-setor-em-seminario-do-csp-mg\/#webpage\",\"url\":\"https:\/\/insurancecorp.com.br\/pt\/2019\/10\/22\/presidente-da-fenasaude-discute-sustentabilidade-do-setor-em-seminario-do-csp-mg\/\",\"name\":\"Presidente da FenaSa\\u00fade discute sustentabilidade do setor em Semin\\u00e1rio do CSP-MG | Revista Insurance Corp | PT-BR\",\"isPartOf\":{\"@id\":\"https:\/\/insurancecorp.com.br\/pt\/#website\"},\"primaryImageOfPage\":{\"@id\":\"https:\/\/insurancecorp.com.br\/pt\/2019\/10\/22\/presidente-da-fenasaude-discute-sustentabilidade-do-setor-em-seminario-do-csp-mg\/#primaryimage\"},\"datePublished\":\"2019-10-22T13:05:59+00:00\",\"dateModified\":\"2019-10-22T13:09:09+00:00\",\"inLanguage\":\"pt-BR\",\"potentialAction\":[{\"@type\":\"ReadAction\",\"target\":[\"https:\/\/insurancecorp.com.br\/pt\/2019\/10\/22\/presidente-da-fenasaude-discute-sustentabilidade-do-setor-em-seminario-do-csp-mg\/\"]}]},{\"@type\":\"Article\",\"@id\":\"https:\/\/insurancecorp.com.br\/pt\/2019\/10\/22\/presidente-da-fenasaude-discute-sustentabilidade-do-setor-em-seminario-do-csp-mg\/#article\",\"isPartOf\":{\"@id\":\"https:\/\/insurancecorp.com.br\/pt\/2019\/10\/22\/presidente-da-fenasaude-discute-sustentabilidade-do-setor-em-seminario-do-csp-mg\/#webpage\"},\"author\":{\"@id\":\"https:\/\/insurancecorp.com.br\/pt\/#\/schema\/person\/1b69c8cf325f0b7167f1b171f52df4af\"},\"headline\":\"Presidente da FenaSa\\u00fade discute sustentabilidade do setor em Semin\\u00e1rio do CSP-MG\",\"datePublished\":\"2019-10-22T13:05:59+00:00\",\"dateModified\":\"2019-10-22T13:09:09+00:00\",\"mainEntityOfPage\":{\"@id\":\"https:\/\/insurancecorp.com.br\/pt\/2019\/10\/22\/presidente-da-fenasaude-discute-sustentabilidade-do-setor-em-seminario-do-csp-mg\/#webpage\"},\"commentCount\":0,\"publisher\":{\"@id\":\"https:\/\/insurancecorp.com.br\/pt\/#organization\"},\"image\":{\"@id\":\"https:\/\/insurancecorp.com.br\/pt\/2019\/10\/22\/presidente-da-fenasaude-discute-sustentabilidade-do-setor-em-seminario-do-csp-mg\/#primaryimage\"},\"articleSection\":\"CCSP-MG\",\"inLanguage\":\"pt-BR\",\"potentialAction\":[{\"@type\":\"CommentAction\",\"name\":\"Comment\",\"target\":[\"https:\/\/insurancecorp.com.br\/pt\/2019\/10\/22\/presidente-da-fenasaude-discute-sustentabilidade-do-setor-em-seminario-do-csp-mg\/#respond\"]}]},{\"@type\":\"Person\",\"@id\":\"https:\/\/insurancecorp.com.br\/pt\/#\/schema\/person\/1b69c8cf325f0b7167f1b171f52df4af\",\"name\":\"Publica\\u00e7\\u00e3o\",\"image\":{\"@type\":\"ImageObject\",\"@id\":\"https:\/\/insurancecorp.com.br\/pt\/#personlogo\",\"inLanguage\":\"pt-BR\",\"url\":\"https:\/\/secure.gravatar.com\/avatar\/17226f1f60486eb25d4c6b301ffed37f?s=96&d=mm&r=g\",\"caption\":\"Publica\\u00e7\\u00e3o\"}}]}<\/script>\n<!-- \/ Yoast SEO plugin. -->","_links":{"self":[{"href":"https:\/\/insurancecorp.com.br\/pt\/wp-json\/wp\/v2\/posts\/12285"}],"collection":[{"href":"https:\/\/insurancecorp.com.br\/pt\/wp-json\/wp\/v2\/posts"}],"about":[{"href":"https:\/\/insurancecorp.com.br\/pt\/wp-json\/wp\/v2\/types\/post"}],"author":[{"embeddable":true,"href":"https:\/\/insurancecorp.com.br\/pt\/wp-json\/wp\/v2\/users\/2"}],"replies":[{"embeddable":true,"href":"https:\/\/insurancecorp.com.br\/pt\/wp-json\/wp\/v2\/comments?post=12285"}],"version-history":[{"count":1,"href":"https:\/\/insurancecorp.com.br\/pt\/wp-json\/wp\/v2\/posts\/12285\/revisions"}],"predecessor-version":[{"id":12287,"href":"https:\/\/insurancecorp.com.br\/pt\/wp-json\/wp\/v2\/posts\/12285\/revisions\/12287"}],"wp:featuredmedia":[{"embeddable":true,"href":"https:\/\/insurancecorp.com.br\/pt\/wp-json\/wp\/v2\/media\/12286"}],"wp:attachment":[{"href":"https:\/\/insurancecorp.com.br\/pt\/wp-json\/wp\/v2\/media?parent=12285"}],"wp:term":[{"taxonomy":"category","embeddable":true,"href":"https:\/\/insurancecorp.com.br\/pt\/wp-json\/wp\/v2\/categories?post=12285"},{"taxonomy":"post_tag","embeddable":true,"href":"https:\/\/insurancecorp.com.br\/pt\/wp-json\/wp\/v2\/tags?post=12285"}],"curies":[{"name":"wp","href":"https:\/\/api.w.org\/{rel}","templated":true}]}}