{"id":11975,"date":"2019-10-16T19:03:11","date_gmt":"2019-10-16T22:03:11","guid":{"rendered":"https:\/\/insurancecorp.com.br\/pt\/?p=11975"},"modified":"2019-10-16T19:03:11","modified_gmt":"2019-10-16T22:03:11","slug":"inscricoes-para-promocao-pequeno-grande-motorista-vao-ate-27-10","status":"publish","type":"post","link":"https:\/\/insurancecorp.com.br\/pt\/2019\/10\/16\/inscricoes-para-promocao-pequeno-grande-motorista-vao-ate-27-10\/","title":{"rendered":"Inscri\u00e7\u00f5es para promo\u00e7\u00e3o Pequeno Grande Motorista v\u00e3o at\u00e9 27\/10"},"content":{"rendered":"<p>Para concorrer, as crian\u00e7as dever\u00e3o assistir ao v\u00eddeo da youtuber cantando a primeira parte da m\u00fasica sobre seguran\u00e7a no tr\u00e2nsito. Depois, ser\u00e1 a vez dos pequenos. Eles precisar\u00e3o completar a can\u00e7\u00e3o, gravando um v\u00eddeo, que deve ter, no m\u00e1ximo 2min e 30s. Na sequ\u00eancia, o respons\u00e1vel deve fazer a inscri\u00e7\u00e3o da crian\u00e7a no site da promo\u00e7\u00e3o, <a href=\"https:\/\/urldefense.proofpoint.com\/v2\/url?u=http-3A__www.pequenograndemotorista.com.br&amp;d=DwMFAw&amp;c=63k7DFQ5NS45K8Wu5uX9Pd1gEa70c_pznLjIw3OxEiE&amp;r=fRGwty6ZAFPJSxLf0CBzvPA8y5Y8PTetRrYusnWaABk&amp;m=QwS31k2vqUW4UvNWB0dz9-Oh1aBgwUndb7-TIZ2vCX8&amp;s=xRIPva5LddXnE_IPWqZ2L9oqgAuiQRMj_-5fdbYTojc&amp;e=\">www.pequenograndemotorista.com.br<\/a>, enviando o v\u00eddeo gravado. Ap\u00f3s an\u00e1lise do material enviado, estando dentro das regras previstas no regulamento, a confirma\u00e7\u00e3o da participa\u00e7\u00e3o ser\u00e1 enviada para o e-mail cadastrado pelo respons\u00e1vel.<\/p>\n<p>Entre os dias 29\/10 e 11\/11, o p\u00fablico poder\u00e1 acessar o site da campanha para votar no melhor v\u00eddeo. O dono da m\u00fasica mais votada ser\u00e1 anunciado em 26\/11 e ganhar\u00e1 uma viagem ao Rio de Janeiro para gravar o clipe da m\u00fasica vencedora com a Juliana Baltar. A crian\u00e7a dever\u00e1 estar acompanhada do respons\u00e1vel legal.<\/p>\n<p>Na primeira edi\u00e7\u00e3o, em 2018, a promo\u00e7\u00e3o convidou as crian\u00e7as a gravarem um v\u00eddeo sobre seguran\u00e7a no tr\u00e2nsito. Foram mais de 110 v\u00eddeos inscritos e 64 disputaram a prefer\u00eancia popular. O v\u00eddeo mais votado teve mais de 20 mil e a vencedora passou um dia ao lado de Juliana Baltar.<\/p>\n<p>A promo\u00e7\u00e3o <em>Pequeno Grande Motorista: Cantando no Tr\u00e2nsito<\/em> \u00e9 mais uma iniciativa da Seguradora L\u00edder dentro da plataforma \u201cSalvar Vidas\u201d, que, em agosto, lan\u00e7ou o Projeto 3 Segundos e, no final de setembro, o aplicativo Modo Tr\u00e2nsito DPVAT. Mais informa\u00e7\u00f5es podem ser obtidas em <a href=\"https:\/\/urldefense.proofpoint.com\/v2\/url?u=https-3A__estamosaquiparavoce.com.br_salvar-2Dvidas-2Dno-2Dtransito_modo-2Dtransito_&amp;d=DwMFAw&amp;c=63k7DFQ5NS45K8Wu5uX9Pd1gEa70c_pznLjIw3OxEiE&amp;r=fRGwty6ZAFPJSxLf0CBzvPA8y5Y8PTetRrYusnWaABk&amp;m=QwS31k2vqUW4UvNWB0dz9-Oh1aBgwUndb7-TIZ2vCX8&amp;s=GcppJEMbGx-Ii2dTfd_Dh1G9yqiJ6W3bG_nlJ4K2_cc&amp;e=\">https:\/\/estamosaquiparavoce.com.br\/salvar-vidas-no-transito\/modo-transito\/<\/a>. Todos esses esfor\u00e7os s\u00e3o reflexo dos n\u00fameros de acidentes de tr\u00e2nsito, que tamb\u00e9m s\u00e3o alarmantes na faixa et\u00e1ria de 0 a 17 anos. Apenas de janeiro a setembro, mais de 9 mil crian\u00e7as e adolescentes foram indenizadas pelo Seguro DPVAT em fun\u00e7\u00e3o de ocorr\u00eancias com ve\u00edculos. Deste total, cerca de 58,2% eram pedestres e quase 70,5% ficaram com algum tipo de invalidez permanente.<\/p>\n<p>\u201cAcidentes de tr\u00e2nsito envolvendo crian\u00e7as e adolescentes ainda s\u00e3o uma realidade, apesar da diminui\u00e7\u00e3o observada nos \u00faltimos anos. As estat\u00edsticas do Seguro DPVAT mostram que a maioria \u00e9 atingida quando est\u00e1 na condi\u00e7\u00e3o de pedestre. A realidade indica, portanto, a necessidade de mais aten\u00e7\u00e3o dos motoristas ao limite de velocidade e o respeito aos sem\u00e1foros, principalmente em \u00e1reas escolares e domiciliares. Tamb\u00e9m \u00e9 importante que os pais acompanhem os filhos no momento de atravessar as ruas, estejam atentos \u00e0 sinaliza\u00e7\u00e3o e sempre utilizem a faixa de pedestre\u201d, explica Arthur Froes, superintendente de Opera\u00e7\u00f5es da Seguradora L\u00edder.<\/p>\n<p><strong>CDN Comunica\u00e7\u00e3o<\/strong><\/p>\n","protected":false},"excerpt":{"rendered":"<p>Para concorrer, as crian\u00e7as dever\u00e3o assistir ao v\u00eddeo da youtuber cantando a primeira parte da m\u00fasica sobre seguran\u00e7a no tr\u00e2nsito. Depois, ser\u00e1 a vez dos pequenos. Eles precisar\u00e3o completar a can\u00e7\u00e3o, gravando um v\u00eddeo, que deve ter, no m\u00e1ximo 2min e 30s. Na sequ\u00eancia, o respons\u00e1vel deve fazer a inscri\u00e7\u00e3o da crian\u00e7a no site da [&hellip;]<\/p>\n","protected":false},"author":2,"featured_media":11977,"comment_status":"open","ping_status":"open","sticky":false,"template":"","format":"standard","meta":[],"categories":[147],"tags":[],"jetpack_featured_media_url":"https:\/\/insurancecorp.com.br\/pt\/wp-content\/uploads\/2019\/10\/Thomas-Bach-presidente-do-COI-e-Oliver-B\u00e4te-CEO-do-Grupo-Allianz-1-1.jpg","yoast_head":"<!-- This site is optimized with the Yoast SEO plugin v14.8 - https:\/\/yoast.com\/wordpress\/plugins\/seo\/ -->\n<title>Inscri\u00e7\u00f5es para promo\u00e7\u00e3o Pequeno Grande Motorista v\u00e3o at\u00e9 27\/10 | Revista Insurance Corp | PT-BR<\/title>\n<meta name=\"robots\" content=\"index, follow\" \/>\n<meta name=\"googlebot\" content=\"index, follow, max-snippet:-1, max-image-preview:large, max-video-preview:-1\" \/>\n<meta name=\"bingbot\" content=\"index, follow, max-snippet:-1, max-image-preview:large, max-video-preview:-1\" \/>\n<link rel=\"canonical\" href=\"https:\/\/insurancecorp.com.br\/pt\/2019\/10\/16\/inscricoes-para-promocao-pequeno-grande-motorista-vao-ate-27-10\/\" \/>\n<meta property=\"og:locale\" content=\"pt_BR\" \/>\n<meta property=\"og:type\" content=\"article\" \/>\n<meta property=\"og:title\" content=\"Inscri\u00e7\u00f5es para promo\u00e7\u00e3o Pequeno Grande Motorista v\u00e3o at\u00e9 27\/10 | Revista Insurance Corp | PT-BR\" \/>\n<meta property=\"og:description\" content=\"Para concorrer, as crian\u00e7as dever\u00e3o assistir ao v\u00eddeo da youtuber cantando a primeira parte da m\u00fasica sobre seguran\u00e7a no tr\u00e2nsito. Depois, ser\u00e1 a vez dos pequenos. Eles precisar\u00e3o completar a can\u00e7\u00e3o, gravando um v\u00eddeo, que deve ter, no m\u00e1ximo 2min e 30s. Na sequ\u00eancia, o respons\u00e1vel deve fazer a inscri\u00e7\u00e3o da crian\u00e7a no site da [&hellip;]\" \/>\n<meta property=\"og:url\" content=\"https:\/\/insurancecorp.com.br\/pt\/2019\/10\/16\/inscricoes-para-promocao-pequeno-grande-motorista-vao-ate-27-10\/\" \/>\n<meta property=\"og:site_name\" content=\"Revista Insurance Corp | PT-BR\" \/>\n<meta property=\"article:publisher\" content=\"https:\/\/www.facebook.com\/RevistaInsuranceCorp\/\" \/>\n<meta property=\"article:published_time\" content=\"2019-10-16T22:03:11+00:00\" \/>\n<meta property=\"og:image\" content=\"https:\/\/insurancecorp.com.br\/pt\/wp-content\/uploads\/2019\/10\/Thomas-Bach-presidente-do-COI-e-Oliver-B\u00e4te-CEO-do-Grupo-Allianz-1-1.jpg\" \/>\n\t<meta property=\"og:image:width\" content=\"432\" \/>\n\t<meta property=\"og:image:height\" content=\"239\" \/>\n<meta name=\"twitter:card\" content=\"summary\" \/>\n<script type=\"application\/ld+json\" class=\"yoast-schema-graph\">{\"@context\":\"https:\/\/schema.org\",\"@graph\":[{\"@type\":\"Organization\",\"@id\":\"https:\/\/insurancecorp.com.br\/pt\/#organization\",\"name\":\"Revista Insurance Corp\",\"url\":\"https:\/\/insurancecorp.com.br\/pt\/\",\"sameAs\":[\"https:\/\/www.facebook.com\/RevistaInsuranceCorp\/\"],\"logo\":{\"@type\":\"ImageObject\",\"@id\":\"https:\/\/insurancecorp.com.br\/pt\/#logo\",\"inLanguage\":\"pt-BR\",\"url\":\"\",\"caption\":\"Revista Insurance Corp\"},\"image\":{\"@id\":\"https:\/\/insurancecorp.com.br\/pt\/#logo\"}},{\"@type\":\"WebSite\",\"@id\":\"https:\/\/insurancecorp.com.br\/pt\/#website\",\"url\":\"https:\/\/insurancecorp.com.br\/pt\/\",\"name\":\"Revista Insurance Corp | PT-BR\",\"description\":\"A \\u00fanica revista bil\\u00edngue voltada ao mercado de seguro.\",\"publisher\":{\"@id\":\"https:\/\/insurancecorp.com.br\/pt\/#organization\"},\"potentialAction\":[{\"@type\":\"SearchAction\",\"target\":\"https:\/\/insurancecorp.com.br\/pt\/?s={search_term_string}\",\"query-input\":\"required name=search_term_string\"}],\"inLanguage\":\"pt-BR\"},{\"@type\":\"ImageObject\",\"@id\":\"https:\/\/insurancecorp.com.br\/pt\/2019\/10\/16\/inscricoes-para-promocao-pequeno-grande-motorista-vao-ate-27-10\/#primaryimage\",\"inLanguage\":\"pt-BR\",\"url\":\"https:\/\/insurancecorp.com.br\/pt\/wp-content\/uploads\/2019\/10\/Thomas-Bach-presidente-do-COI-e-Oliver-B\\u00e4te-CEO-do-Grupo-Allianz-1-1.jpg\",\"width\":432,\"height\":239},{\"@type\":\"WebPage\",\"@id\":\"https:\/\/insurancecorp.com.br\/pt\/2019\/10\/16\/inscricoes-para-promocao-pequeno-grande-motorista-vao-ate-27-10\/#webpage\",\"url\":\"https:\/\/insurancecorp.com.br\/pt\/2019\/10\/16\/inscricoes-para-promocao-pequeno-grande-motorista-vao-ate-27-10\/\",\"name\":\"Inscri\\u00e7\\u00f5es para promo\\u00e7\\u00e3o Pequeno Grande Motorista v\\u00e3o at\\u00e9 27\/10 | Revista Insurance Corp | PT-BR\",\"isPartOf\":{\"@id\":\"https:\/\/insurancecorp.com.br\/pt\/#website\"},\"primaryImageOfPage\":{\"@id\":\"https:\/\/insurancecorp.com.br\/pt\/2019\/10\/16\/inscricoes-para-promocao-pequeno-grande-motorista-vao-ate-27-10\/#primaryimage\"},\"datePublished\":\"2019-10-16T22:03:11+00:00\",\"dateModified\":\"2019-10-16T22:03:11+00:00\",\"inLanguage\":\"pt-BR\",\"potentialAction\":[{\"@type\":\"ReadAction\",\"target\":[\"https:\/\/insurancecorp.com.br\/pt\/2019\/10\/16\/inscricoes-para-promocao-pequeno-grande-motorista-vao-ate-27-10\/\"]}]},{\"@type\":\"Article\",\"@id\":\"https:\/\/insurancecorp.com.br\/pt\/2019\/10\/16\/inscricoes-para-promocao-pequeno-grande-motorista-vao-ate-27-10\/#article\",\"isPartOf\":{\"@id\":\"https:\/\/insurancecorp.com.br\/pt\/2019\/10\/16\/inscricoes-para-promocao-pequeno-grande-motorista-vao-ate-27-10\/#webpage\"},\"author\":{\"@id\":\"https:\/\/insurancecorp.com.br\/pt\/#\/schema\/person\/1b69c8cf325f0b7167f1b171f52df4af\"},\"headline\":\"Inscri\\u00e7\\u00f5es para promo\\u00e7\\u00e3o Pequeno Grande Motorista v\\u00e3o at\\u00e9 27\/10\",\"datePublished\":\"2019-10-16T22:03:11+00:00\",\"dateModified\":\"2019-10-16T22:03:11+00:00\",\"mainEntityOfPage\":{\"@id\":\"https:\/\/insurancecorp.com.br\/pt\/2019\/10\/16\/inscricoes-para-promocao-pequeno-grande-motorista-vao-ate-27-10\/#webpage\"},\"commentCount\":0,\"publisher\":{\"@id\":\"https:\/\/insurancecorp.com.br\/pt\/#organization\"},\"image\":{\"@id\":\"https:\/\/insurancecorp.com.br\/pt\/2019\/10\/16\/inscricoes-para-promocao-pequeno-grande-motorista-vao-ate-27-10\/#primaryimage\"},\"articleSection\":\"L\\u00edder\",\"inLanguage\":\"pt-BR\",\"potentialAction\":[{\"@type\":\"CommentAction\",\"name\":\"Comment\",\"target\":[\"https:\/\/insurancecorp.com.br\/pt\/2019\/10\/16\/inscricoes-para-promocao-pequeno-grande-motorista-vao-ate-27-10\/#respond\"]}]},{\"@type\":\"Person\",\"@id\":\"https:\/\/insurancecorp.com.br\/pt\/#\/schema\/person\/1b69c8cf325f0b7167f1b171f52df4af\",\"name\":\"Publica\\u00e7\\u00e3o\",\"image\":{\"@type\":\"ImageObject\",\"@id\":\"https:\/\/insurancecorp.com.br\/pt\/#personlogo\",\"inLanguage\":\"pt-BR\",\"url\":\"https:\/\/secure.gravatar.com\/avatar\/17226f1f60486eb25d4c6b301ffed37f?s=96&d=mm&r=g\",\"caption\":\"Publica\\u00e7\\u00e3o\"}}]}<\/script>\n<!-- \/ Yoast SEO plugin. -->","_links":{"self":[{"href":"https:\/\/insurancecorp.com.br\/pt\/wp-json\/wp\/v2\/posts\/11975"}],"collection":[{"href":"https:\/\/insurancecorp.com.br\/pt\/wp-json\/wp\/v2\/posts"}],"about":[{"href":"https:\/\/insurancecorp.com.br\/pt\/wp-json\/wp\/v2\/types\/post"}],"author":[{"embeddable":true,"href":"https:\/\/insurancecorp.com.br\/pt\/wp-json\/wp\/v2\/users\/2"}],"replies":[{"embeddable":true,"href":"https:\/\/insurancecorp.com.br\/pt\/wp-json\/wp\/v2\/comments?post=11975"}],"version-history":[{"count":1,"href":"https:\/\/insurancecorp.com.br\/pt\/wp-json\/wp\/v2\/posts\/11975\/revisions"}],"predecessor-version":[{"id":11978,"href":"https:\/\/insurancecorp.com.br\/pt\/wp-json\/wp\/v2\/posts\/11975\/revisions\/11978"}],"wp:featuredmedia":[{"embeddable":true,"href":"https:\/\/insurancecorp.com.br\/pt\/wp-json\/wp\/v2\/media\/11977"}],"wp:attachment":[{"href":"https:\/\/insurancecorp.com.br\/pt\/wp-json\/wp\/v2\/media?parent=11975"}],"wp:term":[{"taxonomy":"category","embeddable":true,"href":"https:\/\/insurancecorp.com.br\/pt\/wp-json\/wp\/v2\/categories?post=11975"},{"taxonomy":"post_tag","embeddable":true,"href":"https:\/\/insurancecorp.com.br\/pt\/wp-json\/wp\/v2\/tags?post=11975"}],"curies":[{"name":"wp","href":"https:\/\/api.w.org\/{rel}","templated":true}]}}