{"id":11854,"date":"2019-10-07T21:21:38","date_gmt":"2019-10-08T00:21:38","guid":{"rendered":"https:\/\/insurancecorp.com.br\/pt\/?p=11854"},"modified":"2019-10-07T21:21:38","modified_gmt":"2019-10-08T00:21:38","slug":"seguro-dpvat-lanca-segunda-edicao-sobre-educacao-infantil-no-transito","status":"publish","type":"post","link":"https:\/\/insurancecorp.com.br\/pt\/2019\/10\/07\/seguro-dpvat-lanca-segunda-edicao-sobre-educacao-infantil-no-transito\/","title":{"rendered":"Seguro DPVAT lan\u00e7a segunda edi\u00e7\u00e3o sobre educa\u00e7\u00e3o infantil no tr\u00e2nsito"},"content":{"rendered":"<p style=\"text-align: justify;\"><span style=\"font-size: 13.0pt; font-family: 'Calibri',sans-serif;\">O Dia das Crian\u00e7as \u00e9 uma das datas mais aguardadas pelos pequenos. A data \u00e9 sin\u00f4nimo de brinquedos, desenhos e muita divers\u00e3o. Mas tamb\u00e9m \u00e9 uma oportunidade para chamar aten\u00e7\u00e3o para a educa\u00e7\u00e3o o tr\u00e2nsito. Para isso, a Seguradora L\u00edder lan\u00e7a, nesta segunda-feira (07\/10), a segunda edi\u00e7\u00e3o da promo\u00e7\u00e3o <em><span style=\"font-family: 'Calibri',sans-serif;\">Pequeno Grande Motorista. <\/span><\/em>Com o tema &#8220;<em><span style=\"font-family: 'Calibri',sans-serif;\">Cantando no Tr\u00e2nsito&#8221;, <\/span><\/em>a iniciativa conta novamente com a parceria da youtuber Juliana Baltar, que tem mais de 9,5 milh\u00f5es de inscritos no seu canal na rede de v\u00eddeos. A influenciadora convida crian\u00e7as de at\u00e9 14 anos a enviarem v\u00eddeos dando continuidade \u00e0 m\u00fasica sobre seguran\u00e7a no tr\u00e2nsito gravada por ela, especialmente para a iniciativa. O pr\u00eamio para o vencedor \u00e9 gravar um clipe com a Juliana, no Rio de Janeiro.<\/span><\/p>\n<p style=\"text-align: justify;\"><span style=\"font-size: 13.0pt; font-family: 'Calibri',sans-serif;\">Em 2018, a promo\u00e7\u00e3o convidou as crian\u00e7as a gravarem um v\u00eddeo sobre seguran\u00e7a no tr\u00e2nsito. Foram mais de 110 v\u00eddeos inscritos e 64 disputaram a prefer\u00eancia popular. O v\u00eddeo mais votado teve mais de 20 mil e a vencedora passou um dia ao lado da youtuber Juliana Baltar. O v\u00eddeo campe\u00e3o teve mais de 20 mil votos e a vencedora passou um dia ao lado da influenciadora.<\/span><\/p>\n<p style=\"text-align: justify;\"><span style=\"font-size: 13.0pt; font-family: 'Calibri',sans-serif;\">Para concorrer este ano, as crian\u00e7as dever\u00e3o assistir ao v\u00eddeo da youtuber cantando a primeira parte da m\u00fasica sobre seguran\u00e7a no tr\u00e2nsito. Depois, ser\u00e1 a vez dos pequenos. Eles precisar\u00e3o completar a can\u00e7\u00e3o, gravando um v\u00eddeo, que deve ter, no m\u00e1ximo 2min e 30s. Na sequ\u00eancia, o respons\u00e1vel deve fazer a inscri\u00e7\u00e3o da crian\u00e7a no site da promo\u00e7\u00e3o, <\/span><a href=\"https:\/\/urldefense.proofpoint.com\/v2\/url?u=http-3A__www.pequenograndemotorista.com.br&amp;d=DwMFAw&amp;c=63k7DFQ5NS45K8Wu5uX9Pd1gEa70c_pznLjIw3OxEiE&amp;r=fRGwty6ZAFPJSxLf0CBzvPA8y5Y8PTetRrYusnWaABk&amp;m=QwS31k2vqUW4UvNWB0dz9-Oh1aBgwUndb7-TIZ2vCX8&amp;s=xRIPva5LddXnE_IPWqZ2L9oqgAuiQRMj_-5fdbYTojc&amp;e=\"><span style=\"font-size: 13.0pt; font-family: 'Calibri',sans-serif;\">www.pequenograndemotorista.com.br<\/span><\/a><span style=\"font-size: 13.0pt; font-family: 'Calibri',sans-serif;\">, enviando o v\u00eddeo gravado. Ap\u00f3s an\u00e1lise do material enviado, estando dentro das regras previstas no regulamento, a confirma\u00e7\u00e3o da participa\u00e7\u00e3o ser\u00e1 enviada para o e-mail cadastrado pelo respons\u00e1vel. As inscri\u00e7\u00f5es ficar\u00e3o abertas at\u00e9 27\/10.<\/span><\/p>\n<p style=\"text-align: justify;\"><span style=\"font-size: 13.0pt; font-family: 'Calibri',sans-serif;\">Entre os dias 29\/10 e 11\/11, o p\u00fablico poder\u00e1 acessar o site da campanha para votar no melhor v\u00eddeo. O dono da m\u00fasica mais votada ser\u00e1 anunciado em 26\/11 e ganhar\u00e1 uma viagem ao Rio de Janeiro para gravar o clipe da m\u00fasica vencedora com a Juliana Baltar. A crian\u00e7a dever\u00e1 estar acompanhada do respons\u00e1vel legal.<\/span><\/p>\n<p style=\"text-align: justify;\"><span style=\"font-size: 13.0pt; font-family: 'Calibri',sans-serif;\">A promo\u00e7\u00e3o <em><span style=\"font-family: 'Calibri',sans-serif;\">Pequeno Grande Motorista: Cantando no Tr\u00e2nsito <\/span><\/em>\u00e9 mais uma iniciativa da Seguradora L\u00edder dentro da plataforma &#8220;Salvar Vidas&#8221;, que, em agosto, lan\u00e7ou o Projeto 3 Segundos e, no final de setembro, o aplicativo Modo Tr\u00e2nsito DPVAT. Mais informa\u00e7\u00f5es podem ser obtidas em <a href=\"https:\/\/urldefense.proofpoint.com\/v2\/url?u=https-3A__estamosaquiparavoce.com.br_salvar-2Dvidas-2Dno-2Dtransito_modo-2Dtransito_&amp;d=DwMFAw&amp;c=63k7DFQ5NS45K8Wu5uX9Pd1gEa70c_pznLjIw3OxEiE&amp;r=fRGwty6ZAFPJSxLf0CBzvPA8y5Y8PTetRrYusnWaABk&amp;m=QwS31k2vqUW4UvNWB0dz9-Oh1aBgwUndb7-TIZ2vCX8&amp;s=GcppJEMbGx-Ii2dTfd_Dh1G9yqiJ6W3bG_nlJ4K2_cc&amp;e=\">estamosaquiparavoce.com.br\/salvar-vidas-no-transito\/modo-transito\/<\/a>. Todos esses esfor\u00e7os s\u00e3o reflexo dos n\u00fameros de acidentes de tr\u00e2nsito, que tamb\u00e9m s\u00e3o alarmantes na faixa et\u00e1ria de 0 a 17 anos. Apenas de janeiro a setembro, mais de 9 mil crian\u00e7as e adolescentes foram indenizadas pelo Seguro DPVAT em fun\u00e7\u00e3o de ocorr\u00eancias com ve\u00edculos. Deste total, cerca de 58,2% eram pedestres e quase 70,5% ficaram com algum tipo de invalidez permanente.<\/span><\/p>\n<p style=\"text-align: justify;\"><span style=\"font-size: 13.0pt; font-family: 'Calibri',sans-serif;\">&#8220;Acidentes de tr\u00e2nsito envolvendo crian\u00e7as e adolescentes ainda s\u00e3o uma realidade, apesar da diminui\u00e7\u00e3o observada nos \u00faltimos anos. As estat\u00edsticas do Seguro DPVAT mostram que a maioria \u00e9 atingida quando est\u00e1 na condi\u00e7\u00e3o de pedestre. A realidade indica, portanto, a necessidade de mais aten\u00e7\u00e3o dos motoristas ao limite de velocidade e o respeito aos sem\u00e1foros, principalmente em \u00e1reas escolares e domiciliares. Tamb\u00e9m \u00e9 importante que os pais acompanhem os filhos no momento de atravessar as ruas, estejam atentos \u00e0 sinaliza\u00e7\u00e3o e sempre utilizem a faixa de pedestre&#8221;, explica Arthur Froes, superintendente de Opera\u00e7\u00f5es da Seguradora L\u00edder.<\/span><\/p>\n","protected":false},"excerpt":{"rendered":"<p>O Dia das Crian\u00e7as \u00e9 uma das datas mais aguardadas pelos pequenos. A data \u00e9 sin\u00f4nimo de brinquedos, desenhos e muita divers\u00e3o. Mas tamb\u00e9m \u00e9 uma oportunidade para chamar aten\u00e7\u00e3o para a educa\u00e7\u00e3o o tr\u00e2nsito. Para isso, a Seguradora L\u00edder lan\u00e7a, nesta segunda-feira (07\/10), a segunda edi\u00e7\u00e3o da promo\u00e7\u00e3o Pequeno Grande Motorista. Com o tema [&hellip;]<\/p>\n","protected":false},"author":2,"featured_media":11856,"comment_status":"open","ping_status":"open","sticky":false,"template":"","format":"standard","meta":[],"categories":[147],"tags":[],"jetpack_featured_media_url":"https:\/\/insurancecorp.com.br\/pt\/wp-content\/uploads\/2019\/10\/Ituran-7.jpg","yoast_head":"<!-- This site is optimized with the Yoast SEO plugin v14.8 - https:\/\/yoast.com\/wordpress\/plugins\/seo\/ -->\n<title>Seguro DPVAT lan\u00e7a segunda edi\u00e7\u00e3o sobre educa\u00e7\u00e3o infantil no tr\u00e2nsito | Revista Insurance Corp | PT-BR<\/title>\n<meta name=\"robots\" content=\"index, follow\" \/>\n<meta name=\"googlebot\" content=\"index, follow, max-snippet:-1, max-image-preview:large, max-video-preview:-1\" \/>\n<meta name=\"bingbot\" content=\"index, follow, max-snippet:-1, max-image-preview:large, max-video-preview:-1\" \/>\n<link rel=\"canonical\" href=\"https:\/\/insurancecorp.com.br\/pt\/2019\/10\/07\/seguro-dpvat-lanca-segunda-edicao-sobre-educacao-infantil-no-transito\/\" \/>\n<meta property=\"og:locale\" content=\"pt_BR\" \/>\n<meta property=\"og:type\" content=\"article\" \/>\n<meta property=\"og:title\" content=\"Seguro DPVAT lan\u00e7a segunda edi\u00e7\u00e3o sobre educa\u00e7\u00e3o infantil no tr\u00e2nsito | Revista Insurance Corp | PT-BR\" \/>\n<meta property=\"og:description\" content=\"O Dia das Crian\u00e7as \u00e9 uma das datas mais aguardadas pelos pequenos. A data \u00e9 sin\u00f4nimo de brinquedos, desenhos e muita divers\u00e3o. Mas tamb\u00e9m \u00e9 uma oportunidade para chamar aten\u00e7\u00e3o para a educa\u00e7\u00e3o o tr\u00e2nsito. Para isso, a Seguradora L\u00edder lan\u00e7a, nesta segunda-feira (07\/10), a segunda edi\u00e7\u00e3o da promo\u00e7\u00e3o Pequeno Grande Motorista. Com o tema [&hellip;]\" \/>\n<meta property=\"og:url\" content=\"https:\/\/insurancecorp.com.br\/pt\/2019\/10\/07\/seguro-dpvat-lanca-segunda-edicao-sobre-educacao-infantil-no-transito\/\" \/>\n<meta property=\"og:site_name\" content=\"Revista Insurance Corp | PT-BR\" \/>\n<meta property=\"article:publisher\" content=\"https:\/\/www.facebook.com\/RevistaInsuranceCorp\/\" \/>\n<meta property=\"article:published_time\" content=\"2019-10-08T00:21:38+00:00\" \/>\n<meta property=\"og:image\" content=\"https:\/\/insurancecorp.com.br\/pt\/wp-content\/uploads\/2019\/10\/Ituran-7.jpg\" \/>\n\t<meta property=\"og:image:width\" content=\"288\" \/>\n\t<meta property=\"og:image:height\" content=\"175\" \/>\n<meta name=\"twitter:card\" content=\"summary\" \/>\n<script type=\"application\/ld+json\" class=\"yoast-schema-graph\">{\"@context\":\"https:\/\/schema.org\",\"@graph\":[{\"@type\":\"Organization\",\"@id\":\"https:\/\/insurancecorp.com.br\/pt\/#organization\",\"name\":\"Revista Insurance Corp\",\"url\":\"https:\/\/insurancecorp.com.br\/pt\/\",\"sameAs\":[\"https:\/\/www.facebook.com\/RevistaInsuranceCorp\/\"],\"logo\":{\"@type\":\"ImageObject\",\"@id\":\"https:\/\/insurancecorp.com.br\/pt\/#logo\",\"inLanguage\":\"pt-BR\",\"url\":\"\",\"caption\":\"Revista Insurance Corp\"},\"image\":{\"@id\":\"https:\/\/insurancecorp.com.br\/pt\/#logo\"}},{\"@type\":\"WebSite\",\"@id\":\"https:\/\/insurancecorp.com.br\/pt\/#website\",\"url\":\"https:\/\/insurancecorp.com.br\/pt\/\",\"name\":\"Revista Insurance Corp | PT-BR\",\"description\":\"A \\u00fanica revista bil\\u00edngue voltada ao mercado de seguro.\",\"publisher\":{\"@id\":\"https:\/\/insurancecorp.com.br\/pt\/#organization\"},\"potentialAction\":[{\"@type\":\"SearchAction\",\"target\":\"https:\/\/insurancecorp.com.br\/pt\/?s={search_term_string}\",\"query-input\":\"required name=search_term_string\"}],\"inLanguage\":\"pt-BR\"},{\"@type\":\"ImageObject\",\"@id\":\"https:\/\/insurancecorp.com.br\/pt\/2019\/10\/07\/seguro-dpvat-lanca-segunda-edicao-sobre-educacao-infantil-no-transito\/#primaryimage\",\"inLanguage\":\"pt-BR\",\"url\":\"https:\/\/insurancecorp.com.br\/pt\/wp-content\/uploads\/2019\/10\/Ituran-7.jpg\",\"width\":288,\"height\":175},{\"@type\":\"WebPage\",\"@id\":\"https:\/\/insurancecorp.com.br\/pt\/2019\/10\/07\/seguro-dpvat-lanca-segunda-edicao-sobre-educacao-infantil-no-transito\/#webpage\",\"url\":\"https:\/\/insurancecorp.com.br\/pt\/2019\/10\/07\/seguro-dpvat-lanca-segunda-edicao-sobre-educacao-infantil-no-transito\/\",\"name\":\"Seguro DPVAT lan\\u00e7a segunda edi\\u00e7\\u00e3o sobre educa\\u00e7\\u00e3o infantil no tr\\u00e2nsito | Revista Insurance Corp | PT-BR\",\"isPartOf\":{\"@id\":\"https:\/\/insurancecorp.com.br\/pt\/#website\"},\"primaryImageOfPage\":{\"@id\":\"https:\/\/insurancecorp.com.br\/pt\/2019\/10\/07\/seguro-dpvat-lanca-segunda-edicao-sobre-educacao-infantil-no-transito\/#primaryimage\"},\"datePublished\":\"2019-10-08T00:21:38+00:00\",\"dateModified\":\"2019-10-08T00:21:38+00:00\",\"inLanguage\":\"pt-BR\",\"potentialAction\":[{\"@type\":\"ReadAction\",\"target\":[\"https:\/\/insurancecorp.com.br\/pt\/2019\/10\/07\/seguro-dpvat-lanca-segunda-edicao-sobre-educacao-infantil-no-transito\/\"]}]},{\"@type\":\"Article\",\"@id\":\"https:\/\/insurancecorp.com.br\/pt\/2019\/10\/07\/seguro-dpvat-lanca-segunda-edicao-sobre-educacao-infantil-no-transito\/#article\",\"isPartOf\":{\"@id\":\"https:\/\/insurancecorp.com.br\/pt\/2019\/10\/07\/seguro-dpvat-lanca-segunda-edicao-sobre-educacao-infantil-no-transito\/#webpage\"},\"author\":{\"@id\":\"https:\/\/insurancecorp.com.br\/pt\/#\/schema\/person\/1b69c8cf325f0b7167f1b171f52df4af\"},\"headline\":\"Seguro DPVAT lan\\u00e7a segunda edi\\u00e7\\u00e3o sobre educa\\u00e7\\u00e3o infantil no tr\\u00e2nsito\",\"datePublished\":\"2019-10-08T00:21:38+00:00\",\"dateModified\":\"2019-10-08T00:21:38+00:00\",\"mainEntityOfPage\":{\"@id\":\"https:\/\/insurancecorp.com.br\/pt\/2019\/10\/07\/seguro-dpvat-lanca-segunda-edicao-sobre-educacao-infantil-no-transito\/#webpage\"},\"commentCount\":0,\"publisher\":{\"@id\":\"https:\/\/insurancecorp.com.br\/pt\/#organization\"},\"image\":{\"@id\":\"https:\/\/insurancecorp.com.br\/pt\/2019\/10\/07\/seguro-dpvat-lanca-segunda-edicao-sobre-educacao-infantil-no-transito\/#primaryimage\"},\"articleSection\":\"L\\u00edder\",\"inLanguage\":\"pt-BR\",\"potentialAction\":[{\"@type\":\"CommentAction\",\"name\":\"Comment\",\"target\":[\"https:\/\/insurancecorp.com.br\/pt\/2019\/10\/07\/seguro-dpvat-lanca-segunda-edicao-sobre-educacao-infantil-no-transito\/#respond\"]}]},{\"@type\":\"Person\",\"@id\":\"https:\/\/insurancecorp.com.br\/pt\/#\/schema\/person\/1b69c8cf325f0b7167f1b171f52df4af\",\"name\":\"Publica\\u00e7\\u00e3o\",\"image\":{\"@type\":\"ImageObject\",\"@id\":\"https:\/\/insurancecorp.com.br\/pt\/#personlogo\",\"inLanguage\":\"pt-BR\",\"url\":\"https:\/\/secure.gravatar.com\/avatar\/17226f1f60486eb25d4c6b301ffed37f?s=96&d=mm&r=g\",\"caption\":\"Publica\\u00e7\\u00e3o\"}}]}<\/script>\n<!-- \/ Yoast SEO plugin. -->","_links":{"self":[{"href":"https:\/\/insurancecorp.com.br\/pt\/wp-json\/wp\/v2\/posts\/11854"}],"collection":[{"href":"https:\/\/insurancecorp.com.br\/pt\/wp-json\/wp\/v2\/posts"}],"about":[{"href":"https:\/\/insurancecorp.com.br\/pt\/wp-json\/wp\/v2\/types\/post"}],"author":[{"embeddable":true,"href":"https:\/\/insurancecorp.com.br\/pt\/wp-json\/wp\/v2\/users\/2"}],"replies":[{"embeddable":true,"href":"https:\/\/insurancecorp.com.br\/pt\/wp-json\/wp\/v2\/comments?post=11854"}],"version-history":[{"count":1,"href":"https:\/\/insurancecorp.com.br\/pt\/wp-json\/wp\/v2\/posts\/11854\/revisions"}],"predecessor-version":[{"id":11857,"href":"https:\/\/insurancecorp.com.br\/pt\/wp-json\/wp\/v2\/posts\/11854\/revisions\/11857"}],"wp:featuredmedia":[{"embeddable":true,"href":"https:\/\/insurancecorp.com.br\/pt\/wp-json\/wp\/v2\/media\/11856"}],"wp:attachment":[{"href":"https:\/\/insurancecorp.com.br\/pt\/wp-json\/wp\/v2\/media?parent=11854"}],"wp:term":[{"taxonomy":"category","embeddable":true,"href":"https:\/\/insurancecorp.com.br\/pt\/wp-json\/wp\/v2\/categories?post=11854"},{"taxonomy":"post_tag","embeddable":true,"href":"https:\/\/insurancecorp.com.br\/pt\/wp-json\/wp\/v2\/tags?post=11854"}],"curies":[{"name":"wp","href":"https:\/\/api.w.org\/{rel}","templated":true}]}}