{"id":11762,"date":"2019-10-01T14:20:50","date_gmt":"2019-10-01T17:20:50","guid":{"rendered":"https:\/\/insurancecorp.com.br\/pt\/?p=11762"},"modified":"2019-10-01T14:20:50","modified_gmt":"2019-10-01T17:20:50","slug":"dia-do-idoso-seguro-dpvat-indenizou-mais-de-200-mil-vitimas-acima-de-65-anos","status":"publish","type":"post","link":"https:\/\/insurancecorp.com.br\/pt\/2019\/10\/01\/dia-do-idoso-seguro-dpvat-indenizou-mais-de-200-mil-vitimas-acima-de-65-anos\/","title":{"rendered":"Dia do Idoso: Seguro DPVAT indenizou mais de 200 mil v\u00edtimas acima de 65 anos"},"content":{"rendered":"<table width=\"0\">\n<tbody>\n<tr>\n<td>A expectativa de vida de quem nasce no Brasil vem crescendo cada vez mais, segundo o Instituto Brasileiro de Geografia e Estat\u00edstica (IBGE). Dados da institui\u00e7\u00e3o indicam que, em 2060, a terceira idade corresponder\u00e1 a 25,5% da popula\u00e7\u00e3o do pa\u00eds. Neste sentido, o Dia do Idoso (1\u00ba\/10) \u00e9 uma oportunidade de valorizar a faixa et\u00e1ria e refletir sobre os cuidados necess\u00e1rios para quem tem mais de 65 anos. No tr\u00e2nsito, esta cautela deve ser redobrada. Nos \u00faltimos dez anos (2009 a 2018), o Seguro DPVAT pagou mais de 201 mil indeniza\u00e7\u00f5es a v\u00edtimas de acidentes com ve\u00edculos nesta faixa de idade. As estat\u00edsticas ainda revelam um elevado \u00edndice de atropelamentos, j\u00e1 que a maioria dos atingidos (60% ou 121.529) estava na condi\u00e7\u00e3o de pedestre no momento da ocorr\u00eancia. Os autom\u00f3veis foram respons\u00e1veis pela maior parte das colis\u00f5es, somando 49% (ou 98.806) dos benef\u00edcios.<\/p>\n<p>A an\u00e1lise por tipo de cobertura tamb\u00e9m exp\u00f5e outra realidade preocupante. Mais de 55% dos idosos indenizados pelo Seguro DPVAT, nos \u00faltimos dez anos, ficaram com algum tipo de invalidez permanente. Os casos de morte registraram a segunda maior estat\u00edstica de pagamentos no per\u00edodo. Mais de 55 mil benef\u00edcios foram pagos a familiares de v\u00edtimas fatais na terceira idade. J\u00e1 a cobertura por reembolso de despesas m\u00e9dicas e suplementares alcan\u00e7ou cerca de 35 mil indeniza\u00e7\u00f5es.<\/p>\n<p>Em rela\u00e7\u00e3o ao tipo de v\u00edtima, os motoristas s\u00e3o, depois dos pedestres, os mais afetados em acidentes de tr\u00e2nsito com idosos. Entre 2009 e 2018, eles somaram 45.068 indeniza\u00e7\u00f5es pagas pelo seguro obrigat\u00f3rio. Os passageiros, por sua vez, s\u00e3o os menos atingidos, com mais de 34 mil pagamentos em dez anos.<\/p>\n<p>Depois dos autom\u00f3veis, as motocicletas foram as principais respons\u00e1veis pelas indeniza\u00e7\u00f5es pagas pelo seguro obrigat\u00f3rio a v\u00edtimas nesta faixa et\u00e1ria, com mais de 78 mil benef\u00edcios. Os acidentes com \u00f4nibus, micro-\u00f4nibus e vans tiveram mais de 12 mil pagamentos, enquanto os com caminh\u00f5es e pick-ups concentraram mais de 11 mil sinistros.<\/p>\n<p>Entre os estados, S\u00e3o Paulo, Minas Gerais e Rio Grande do Sul foram os que mais apresentaram idosos indenizados pelo Seguro DPVAT na \u00faltima d\u00e9cada. J\u00e1 Distrito Federal, Roraima e Amap\u00e1 registraram as menores estat\u00edsticas.<\/p>\n<p><em>Fonte: Seguradora L\u00edder<\/em><\/p>\n<p>J\u00e1 no primeiro semestre deste ano, o Seguro DPVAT pagou mais de 7 mil indeniza\u00e7\u00f5es a pessoas com mais de 65 anos que se envolveram em acidentes com automotores. Nestes primeiros seis meses, o cen\u00e1rio segue a tend\u00eancia dos \u00faltimos anos: a maioria dos atingidos circulava a p\u00e9 no momento da ocorr\u00eancia (4.335 sinistros) e ficou com algum tipo de sequela definitiva (3.681). J\u00e1 em rela\u00e7\u00e3o ao tipo de ve\u00edculo, uma mudan\u00e7a chama aten\u00e7\u00e3o. Entre janeiro e junho, as motocicletas responderam por mais de 46% dos pagamentos. Os autom\u00f3veis ocuparam a segunda posi\u00e7\u00e3o.<\/p>\n<p>O superintendente de Opera\u00e7\u00f5es da Seguradora L\u00edder, Arthur Froes, explica que as ocorr\u00eancias de tr\u00e2nsito podem ter consequ\u00eancias mais graves para aqueles com mais de 65 anos. Segundo o especialista, o avan\u00e7o da idade torna a v\u00edtima mais vulner\u00e1vel aos efeitos de um acidente.<\/p>\n<p>&#8220;Por conta do envelhecimento, as les\u00f5es em pessoas idosas tendem a atingir uma gravidade maior, resultando em longos per\u00edodos de interna\u00e7\u00e3o e na redu\u00e7\u00e3o da mobilidade, na maioria das vezes, por estarem na condi\u00e7\u00e3o de pedestre. Os n\u00fameros de indeniza\u00e7\u00f5es pagas pelo Seguro DPVAT a v\u00edtimas que ficam com algum tipo de invalidez permanente refletem esta realidade&#8221;, explica o superintendente.<\/p>\n<p>Uma pesquisa realizada pela Dire\u00e7\u00e3o Geral de Tr\u00e1fego, da Espanha, mostra que os principais problemas enfrentados por idosos, quando est\u00e3o a p\u00e9, s\u00e3o distinguir a cor das luzes dos sem\u00e1foros e dos far\u00f3is, perceber a velocidade dos ve\u00edculos, bem como a distra\u00e7\u00e3o ao tr\u00e2nsito. Al\u00e9m disso, costumam enfrentar uma postura imprudente por parte dos condutores.<\/p>\n<p>&#8220;Este cen\u00e1rio refor\u00e7a a necessidade de implementa\u00e7\u00e3o de medidas que garantam mais seguran\u00e7a aos indiv\u00edduos com mais de 65 anos nas ruas. Fiscaliza\u00e7\u00e3o de velocidade e de avan\u00e7o de sinal, e sem\u00e1foros com mais tempo para os pedestres atravessarem s\u00e3o algumas delas. \u00c9 tamb\u00e9m fundamental a conscientiza\u00e7\u00e3o dos motoristas sobre a import\u00e2ncia de uma conduta prudente ao volante, al\u00e9m da aten\u00e7\u00e3o redobrada dos pedestres ao cruzar as vias&#8221;, sinaliza Arthur Froes.<\/p>\n<p><strong>CDN Comunica\u00e7\u00e3o<\/strong><\/td>\n<\/tr>\n<\/tbody>\n<\/table>\n","protected":false},"excerpt":{"rendered":"<p>A expectativa de vida de quem nasce no Brasil vem crescendo cada vez mais, segundo o Instituto Brasileiro de Geografia e Estat\u00edstica (IBGE). Dados da institui\u00e7\u00e3o indicam que, em 2060, a terceira idade corresponder\u00e1 a 25,5% da popula\u00e7\u00e3o do pa\u00eds. Neste sentido, o Dia do Idoso (1\u00ba\/10) \u00e9 uma oportunidade de valorizar a faixa et\u00e1ria [&hellip;]<\/p>\n","protected":false},"author":2,"featured_media":11763,"comment_status":"open","ping_status":"open","sticky":false,"template":"","format":"standard","meta":[],"categories":[147],"tags":[],"jetpack_featured_media_url":"https:\/\/insurancecorp.com.br\/pt\/wp-content\/uploads\/2019\/10\/IMG_7834-1.jpg","yoast_head":"<!-- This site is optimized with the Yoast SEO plugin v14.8 - https:\/\/yoast.com\/wordpress\/plugins\/seo\/ -->\n<title>Dia do Idoso: Seguro DPVAT indenizou mais de 200 mil v\u00edtimas acima de 65 anos | Revista Insurance Corp | PT-BR<\/title>\n<meta name=\"robots\" content=\"index, follow\" \/>\n<meta name=\"googlebot\" content=\"index, follow, max-snippet:-1, max-image-preview:large, max-video-preview:-1\" \/>\n<meta name=\"bingbot\" content=\"index, follow, max-snippet:-1, max-image-preview:large, max-video-preview:-1\" \/>\n<link rel=\"canonical\" href=\"https:\/\/insurancecorp.com.br\/pt\/2019\/10\/01\/dia-do-idoso-seguro-dpvat-indenizou-mais-de-200-mil-vitimas-acima-de-65-anos\/\" \/>\n<meta property=\"og:locale\" content=\"pt_BR\" \/>\n<meta property=\"og:type\" content=\"article\" \/>\n<meta property=\"og:title\" content=\"Dia do Idoso: Seguro DPVAT indenizou mais de 200 mil v\u00edtimas acima de 65 anos | Revista Insurance Corp | PT-BR\" \/>\n<meta property=\"og:description\" content=\"A expectativa de vida de quem nasce no Brasil vem crescendo cada vez mais, segundo o Instituto Brasileiro de Geografia e Estat\u00edstica (IBGE). Dados da institui\u00e7\u00e3o indicam que, em 2060, a terceira idade corresponder\u00e1 a 25,5% da popula\u00e7\u00e3o do pa\u00eds. Neste sentido, o Dia do Idoso (1\u00ba\/10) \u00e9 uma oportunidade de valorizar a faixa et\u00e1ria [&hellip;]\" \/>\n<meta property=\"og:url\" content=\"https:\/\/insurancecorp.com.br\/pt\/2019\/10\/01\/dia-do-idoso-seguro-dpvat-indenizou-mais-de-200-mil-vitimas-acima-de-65-anos\/\" \/>\n<meta property=\"og:site_name\" content=\"Revista Insurance Corp | PT-BR\" \/>\n<meta property=\"article:publisher\" content=\"https:\/\/www.facebook.com\/RevistaInsuranceCorp\/\" \/>\n<meta property=\"article:published_time\" content=\"2019-10-01T17:20:50+00:00\" \/>\n<meta property=\"og:image\" content=\"https:\/\/insurancecorp.com.br\/pt\/wp-content\/uploads\/2019\/10\/IMG_7834-1.jpg\" \/>\n\t<meta property=\"og:image:width\" content=\"800\" \/>\n\t<meta property=\"og:image:height\" content=\"534\" \/>\n<meta name=\"twitter:card\" content=\"summary\" \/>\n<script type=\"application\/ld+json\" class=\"yoast-schema-graph\">{\"@context\":\"https:\/\/schema.org\",\"@graph\":[{\"@type\":\"Organization\",\"@id\":\"https:\/\/insurancecorp.com.br\/pt\/#organization\",\"name\":\"Revista Insurance Corp\",\"url\":\"https:\/\/insurancecorp.com.br\/pt\/\",\"sameAs\":[\"https:\/\/www.facebook.com\/RevistaInsuranceCorp\/\"],\"logo\":{\"@type\":\"ImageObject\",\"@id\":\"https:\/\/insurancecorp.com.br\/pt\/#logo\",\"inLanguage\":\"pt-BR\",\"url\":\"\",\"caption\":\"Revista Insurance Corp\"},\"image\":{\"@id\":\"https:\/\/insurancecorp.com.br\/pt\/#logo\"}},{\"@type\":\"WebSite\",\"@id\":\"https:\/\/insurancecorp.com.br\/pt\/#website\",\"url\":\"https:\/\/insurancecorp.com.br\/pt\/\",\"name\":\"Revista Insurance Corp | PT-BR\",\"description\":\"A \\u00fanica revista bil\\u00edngue voltada ao mercado de seguro.\",\"publisher\":{\"@id\":\"https:\/\/insurancecorp.com.br\/pt\/#organization\"},\"potentialAction\":[{\"@type\":\"SearchAction\",\"target\":\"https:\/\/insurancecorp.com.br\/pt\/?s={search_term_string}\",\"query-input\":\"required name=search_term_string\"}],\"inLanguage\":\"pt-BR\"},{\"@type\":\"ImageObject\",\"@id\":\"https:\/\/insurancecorp.com.br\/pt\/2019\/10\/01\/dia-do-idoso-seguro-dpvat-indenizou-mais-de-200-mil-vitimas-acima-de-65-anos\/#primaryimage\",\"inLanguage\":\"pt-BR\",\"url\":\"https:\/\/insurancecorp.com.br\/pt\/wp-content\/uploads\/2019\/10\/IMG_7834-1.jpg\",\"width\":800,\"height\":534},{\"@type\":\"WebPage\",\"@id\":\"https:\/\/insurancecorp.com.br\/pt\/2019\/10\/01\/dia-do-idoso-seguro-dpvat-indenizou-mais-de-200-mil-vitimas-acima-de-65-anos\/#webpage\",\"url\":\"https:\/\/insurancecorp.com.br\/pt\/2019\/10\/01\/dia-do-idoso-seguro-dpvat-indenizou-mais-de-200-mil-vitimas-acima-de-65-anos\/\",\"name\":\"Dia do Idoso: Seguro DPVAT indenizou mais de 200 mil v\\u00edtimas acima de 65 anos | Revista Insurance Corp | PT-BR\",\"isPartOf\":{\"@id\":\"https:\/\/insurancecorp.com.br\/pt\/#website\"},\"primaryImageOfPage\":{\"@id\":\"https:\/\/insurancecorp.com.br\/pt\/2019\/10\/01\/dia-do-idoso-seguro-dpvat-indenizou-mais-de-200-mil-vitimas-acima-de-65-anos\/#primaryimage\"},\"datePublished\":\"2019-10-01T17:20:50+00:00\",\"dateModified\":\"2019-10-01T17:20:50+00:00\",\"inLanguage\":\"pt-BR\",\"potentialAction\":[{\"@type\":\"ReadAction\",\"target\":[\"https:\/\/insurancecorp.com.br\/pt\/2019\/10\/01\/dia-do-idoso-seguro-dpvat-indenizou-mais-de-200-mil-vitimas-acima-de-65-anos\/\"]}]},{\"@type\":\"Article\",\"@id\":\"https:\/\/insurancecorp.com.br\/pt\/2019\/10\/01\/dia-do-idoso-seguro-dpvat-indenizou-mais-de-200-mil-vitimas-acima-de-65-anos\/#article\",\"isPartOf\":{\"@id\":\"https:\/\/insurancecorp.com.br\/pt\/2019\/10\/01\/dia-do-idoso-seguro-dpvat-indenizou-mais-de-200-mil-vitimas-acima-de-65-anos\/#webpage\"},\"author\":{\"@id\":\"https:\/\/insurancecorp.com.br\/pt\/#\/schema\/person\/1b69c8cf325f0b7167f1b171f52df4af\"},\"headline\":\"Dia do Idoso: Seguro DPVAT indenizou mais de 200 mil v\\u00edtimas acima de 65 anos\",\"datePublished\":\"2019-10-01T17:20:50+00:00\",\"dateModified\":\"2019-10-01T17:20:50+00:00\",\"mainEntityOfPage\":{\"@id\":\"https:\/\/insurancecorp.com.br\/pt\/2019\/10\/01\/dia-do-idoso-seguro-dpvat-indenizou-mais-de-200-mil-vitimas-acima-de-65-anos\/#webpage\"},\"commentCount\":0,\"publisher\":{\"@id\":\"https:\/\/insurancecorp.com.br\/pt\/#organization\"},\"image\":{\"@id\":\"https:\/\/insurancecorp.com.br\/pt\/2019\/10\/01\/dia-do-idoso-seguro-dpvat-indenizou-mais-de-200-mil-vitimas-acima-de-65-anos\/#primaryimage\"},\"articleSection\":\"L\\u00edder\",\"inLanguage\":\"pt-BR\",\"potentialAction\":[{\"@type\":\"CommentAction\",\"name\":\"Comment\",\"target\":[\"https:\/\/insurancecorp.com.br\/pt\/2019\/10\/01\/dia-do-idoso-seguro-dpvat-indenizou-mais-de-200-mil-vitimas-acima-de-65-anos\/#respond\"]}]},{\"@type\":\"Person\",\"@id\":\"https:\/\/insurancecorp.com.br\/pt\/#\/schema\/person\/1b69c8cf325f0b7167f1b171f52df4af\",\"name\":\"Publica\\u00e7\\u00e3o\",\"image\":{\"@type\":\"ImageObject\",\"@id\":\"https:\/\/insurancecorp.com.br\/pt\/#personlogo\",\"inLanguage\":\"pt-BR\",\"url\":\"https:\/\/secure.gravatar.com\/avatar\/17226f1f60486eb25d4c6b301ffed37f?s=96&d=mm&r=g\",\"caption\":\"Publica\\u00e7\\u00e3o\"}}]}<\/script>\n<!-- \/ Yoast SEO plugin. -->","_links":{"self":[{"href":"https:\/\/insurancecorp.com.br\/pt\/wp-json\/wp\/v2\/posts\/11762"}],"collection":[{"href":"https:\/\/insurancecorp.com.br\/pt\/wp-json\/wp\/v2\/posts"}],"about":[{"href":"https:\/\/insurancecorp.com.br\/pt\/wp-json\/wp\/v2\/types\/post"}],"author":[{"embeddable":true,"href":"https:\/\/insurancecorp.com.br\/pt\/wp-json\/wp\/v2\/users\/2"}],"replies":[{"embeddable":true,"href":"https:\/\/insurancecorp.com.br\/pt\/wp-json\/wp\/v2\/comments?post=11762"}],"version-history":[{"count":1,"href":"https:\/\/insurancecorp.com.br\/pt\/wp-json\/wp\/v2\/posts\/11762\/revisions"}],"predecessor-version":[{"id":11764,"href":"https:\/\/insurancecorp.com.br\/pt\/wp-json\/wp\/v2\/posts\/11762\/revisions\/11764"}],"wp:featuredmedia":[{"embeddable":true,"href":"https:\/\/insurancecorp.com.br\/pt\/wp-json\/wp\/v2\/media\/11763"}],"wp:attachment":[{"href":"https:\/\/insurancecorp.com.br\/pt\/wp-json\/wp\/v2\/media?parent=11762"}],"wp:term":[{"taxonomy":"category","embeddable":true,"href":"https:\/\/insurancecorp.com.br\/pt\/wp-json\/wp\/v2\/categories?post=11762"},{"taxonomy":"post_tag","embeddable":true,"href":"https:\/\/insurancecorp.com.br\/pt\/wp-json\/wp\/v2\/tags?post=11762"}],"curies":[{"name":"wp","href":"https:\/\/api.w.org\/{rel}","templated":true}]}}