{"id":11692,"date":"2019-09-30T16:37:30","date_gmt":"2019-09-30T19:37:30","guid":{"rendered":"https:\/\/insurancecorp.com.br\/pt\/?p=11692"},"modified":"2019-09-30T16:41:21","modified_gmt":"2019-09-30T19:41:21","slug":"seguro-garantia-e-pauta-do-panorama-do-seguro","status":"publish","type":"post","link":"https:\/\/insurancecorp.com.br\/pt\/2019\/09\/30\/seguro-garantia-e-pauta-do-panorama-do-seguro\/","title":{"rendered":"Seguro Garantia \u00e9 pauta do Panorama do Seguro"},"content":{"rendered":"<p>Na 39\u00aa edi\u00e7\u00e3o do programa, os convidados Roque de Holanda Mello, Vice-presidente da Junto Seguros e Edmur de Almeida, Corretor de Seguros, falam sobre Seguro Garantia: mudan\u00e7as, obrigatoriedade, cen\u00e1rio atual e a Nova Lei de Licita\u00e7\u00f5es para obras e servi\u00e7os de engenharia.<\/p>\n<p>Para Roque, o mercado de Seguro Garantia est\u00e1 experimentando, nos \u00faltimos anos, uma crescente, mas essa crescente est\u00e1 relacionada ao Seguro Garantia Judicial. &#8220;Estimativas do mercado d\u00e3o conta que mais de 80% da carteira de Seguro Garantia hoje est\u00e1 focada em seguro garantia judicial. Isso por um lado \u00e9 positivo, pois a tend\u00eancia \u00e9 que essa demanda continue crescendo, por outro lado n\u00f3s temos uma expectativa muito positiva no aumento de Seguro Garantia para obras&#8221;, conclui.<\/p>\n<p>Segundo Edmur de Almeida, a Lei est\u00e1 trazendo uma efic\u00e1cia maior do instrumento Seguro Garantia para que possa apoiar as obras e quaisquer compra do governo. &#8220;O papel do Seguro Garantia, e o que se espera desta Lei, \u00e9 que ele ajude que essas obras de fato aconte\u00e7am e que a gente n\u00e3o tenha no pa\u00eds, como temos hoje, tantos esqueletos de hospitais, estradas, escolas, entre outros&#8221;, conclui.<\/p>\n<p>Confira a entrevista na \u00edntegra:\u00a0 <a href=\"https:\/\/d-click.newsletter1.com.br\/u\/34412\/1868\/20789\/4574_0\/80296\/?url=http%3A%2F%2Fwww.sindsegsp.org.br%2Fsite%2Fsindsegsp-tv-video.aspx%3Fid%3D69\">https:\/\/www.sindsegsp.org.br\/site\/sindsegsp-tv-video.aspx?id=69<\/a><\/p>\n<p>Apresentado pelo jornalista Paulo Alexandre e pelo consultor de economia Francisco Galiza, o programa Panorama do Seguro \u00e9 exibido de duas a tr\u00eas vezes por m\u00eas e conta com convidados especiais, dicas de leitura, an\u00e1lise da economia e do setor de seguros. Todas as edi\u00e7\u00f5es do Panorama podem ser conferidas no link\u00a0<a href=\"https:\/\/d-click.newsletter1.com.br\/u\/34412\/1868\/20789\/4575_0\/80296\/?url=http%3A%2F%2Fwww.sindsegsp.org.br%2Fpanorama-do-seguro\">https:\/\/www.sindsegsp.org.br\/panorama-do-seguro<\/a>.<\/p>\n","protected":false},"excerpt":{"rendered":"<p>Na 39\u00aa edi\u00e7\u00e3o do programa, os convidados Roque de Holanda Mello, Vice-presidente da Junto Seguros e Edmur de Almeida, Corretor de Seguros, falam sobre Seguro Garantia: mudan\u00e7as, obrigatoriedade, cen\u00e1rio atual e a Nova Lei de Licita\u00e7\u00f5es para obras e servi\u00e7os de engenharia. Para Roque, o mercado de Seguro Garantia est\u00e1 experimentando, nos \u00faltimos anos, uma [&hellip;]<\/p>\n","protected":false},"author":2,"featured_media":11693,"comment_status":"open","ping_status":"open","sticky":false,"template":"","format":"standard","meta":[],"categories":[111],"tags":[],"jetpack_featured_media_url":"https:\/\/insurancecorp.com.br\/pt\/wp-content\/uploads\/2019\/09\/69-2.jpg","yoast_head":"<!-- This site is optimized with the Yoast SEO plugin v14.8 - https:\/\/yoast.com\/wordpress\/plugins\/seo\/ -->\n<title>Seguro Garantia \u00e9 pauta do Panorama do Seguro | Revista Insurance Corp | PT-BR<\/title>\n<meta name=\"robots\" content=\"index, follow\" \/>\n<meta name=\"googlebot\" content=\"index, follow, max-snippet:-1, max-image-preview:large, max-video-preview:-1\" \/>\n<meta name=\"bingbot\" content=\"index, follow, max-snippet:-1, max-image-preview:large, max-video-preview:-1\" \/>\n<link rel=\"canonical\" href=\"https:\/\/insurancecorp.com.br\/pt\/2019\/09\/30\/seguro-garantia-e-pauta-do-panorama-do-seguro\/\" \/>\n<meta property=\"og:locale\" content=\"pt_BR\" \/>\n<meta property=\"og:type\" content=\"article\" \/>\n<meta property=\"og:title\" content=\"Seguro Garantia \u00e9 pauta do Panorama do Seguro | Revista Insurance Corp | PT-BR\" \/>\n<meta property=\"og:description\" content=\"Na 39\u00aa edi\u00e7\u00e3o do programa, os convidados Roque de Holanda Mello, Vice-presidente da Junto Seguros e Edmur de Almeida, Corretor de Seguros, falam sobre Seguro Garantia: mudan\u00e7as, obrigatoriedade, cen\u00e1rio atual e a Nova Lei de Licita\u00e7\u00f5es para obras e servi\u00e7os de engenharia. Para Roque, o mercado de Seguro Garantia est\u00e1 experimentando, nos \u00faltimos anos, uma [&hellip;]\" \/>\n<meta property=\"og:url\" content=\"https:\/\/insurancecorp.com.br\/pt\/2019\/09\/30\/seguro-garantia-e-pauta-do-panorama-do-seguro\/\" \/>\n<meta property=\"og:site_name\" content=\"Revista Insurance Corp | PT-BR\" \/>\n<meta property=\"article:publisher\" content=\"https:\/\/www.facebook.com\/RevistaInsuranceCorp\/\" \/>\n<meta property=\"article:published_time\" content=\"2019-09-30T19:37:30+00:00\" \/>\n<meta property=\"article:modified_time\" content=\"2019-09-30T19:41:21+00:00\" \/>\n<meta property=\"og:image\" content=\"https:\/\/insurancecorp.com.br\/pt\/wp-content\/uploads\/2019\/09\/69-2.jpg\" \/>\n\t<meta property=\"og:image:width\" content=\"1024\" \/>\n\t<meta property=\"og:image:height\" content=\"571\" \/>\n<meta name=\"twitter:card\" content=\"summary\" \/>\n<script type=\"application\/ld+json\" class=\"yoast-schema-graph\">{\"@context\":\"https:\/\/schema.org\",\"@graph\":[{\"@type\":\"Organization\",\"@id\":\"https:\/\/insurancecorp.com.br\/pt\/#organization\",\"name\":\"Revista Insurance Corp\",\"url\":\"https:\/\/insurancecorp.com.br\/pt\/\",\"sameAs\":[\"https:\/\/www.facebook.com\/RevistaInsuranceCorp\/\"],\"logo\":{\"@type\":\"ImageObject\",\"@id\":\"https:\/\/insurancecorp.com.br\/pt\/#logo\",\"inLanguage\":\"pt-BR\",\"url\":\"\",\"caption\":\"Revista Insurance Corp\"},\"image\":{\"@id\":\"https:\/\/insurancecorp.com.br\/pt\/#logo\"}},{\"@type\":\"WebSite\",\"@id\":\"https:\/\/insurancecorp.com.br\/pt\/#website\",\"url\":\"https:\/\/insurancecorp.com.br\/pt\/\",\"name\":\"Revista Insurance Corp | PT-BR\",\"description\":\"A \\u00fanica revista bil\\u00edngue voltada ao mercado de seguro.\",\"publisher\":{\"@id\":\"https:\/\/insurancecorp.com.br\/pt\/#organization\"},\"potentialAction\":[{\"@type\":\"SearchAction\",\"target\":\"https:\/\/insurancecorp.com.br\/pt\/?s={search_term_string}\",\"query-input\":\"required name=search_term_string\"}],\"inLanguage\":\"pt-BR\"},{\"@type\":\"ImageObject\",\"@id\":\"https:\/\/insurancecorp.com.br\/pt\/2019\/09\/30\/seguro-garantia-e-pauta-do-panorama-do-seguro\/#primaryimage\",\"inLanguage\":\"pt-BR\",\"url\":\"https:\/\/insurancecorp.com.br\/pt\/wp-content\/uploads\/2019\/09\/69-2.jpg\",\"width\":1024,\"height\":571},{\"@type\":\"WebPage\",\"@id\":\"https:\/\/insurancecorp.com.br\/pt\/2019\/09\/30\/seguro-garantia-e-pauta-do-panorama-do-seguro\/#webpage\",\"url\":\"https:\/\/insurancecorp.com.br\/pt\/2019\/09\/30\/seguro-garantia-e-pauta-do-panorama-do-seguro\/\",\"name\":\"Seguro Garantia \\u00e9 pauta do Panorama do Seguro | Revista Insurance Corp | PT-BR\",\"isPartOf\":{\"@id\":\"https:\/\/insurancecorp.com.br\/pt\/#website\"},\"primaryImageOfPage\":{\"@id\":\"https:\/\/insurancecorp.com.br\/pt\/2019\/09\/30\/seguro-garantia-e-pauta-do-panorama-do-seguro\/#primaryimage\"},\"datePublished\":\"2019-09-30T19:37:30+00:00\",\"dateModified\":\"2019-09-30T19:41:21+00:00\",\"inLanguage\":\"pt-BR\",\"potentialAction\":[{\"@type\":\"ReadAction\",\"target\":[\"https:\/\/insurancecorp.com.br\/pt\/2019\/09\/30\/seguro-garantia-e-pauta-do-panorama-do-seguro\/\"]}]},{\"@type\":\"Article\",\"@id\":\"https:\/\/insurancecorp.com.br\/pt\/2019\/09\/30\/seguro-garantia-e-pauta-do-panorama-do-seguro\/#article\",\"isPartOf\":{\"@id\":\"https:\/\/insurancecorp.com.br\/pt\/2019\/09\/30\/seguro-garantia-e-pauta-do-panorama-do-seguro\/#webpage\"},\"author\":{\"@id\":\"https:\/\/insurancecorp.com.br\/pt\/#\/schema\/person\/1b69c8cf325f0b7167f1b171f52df4af\"},\"headline\":\"Seguro Garantia \\u00e9 pauta do Panorama do Seguro\",\"datePublished\":\"2019-09-30T19:37:30+00:00\",\"dateModified\":\"2019-09-30T19:41:21+00:00\",\"mainEntityOfPage\":{\"@id\":\"https:\/\/insurancecorp.com.br\/pt\/2019\/09\/30\/seguro-garantia-e-pauta-do-panorama-do-seguro\/#webpage\"},\"commentCount\":0,\"publisher\":{\"@id\":\"https:\/\/insurancecorp.com.br\/pt\/#organization\"},\"image\":{\"@id\":\"https:\/\/insurancecorp.com.br\/pt\/2019\/09\/30\/seguro-garantia-e-pauta-do-panorama-do-seguro\/#primaryimage\"},\"articleSection\":\"Panorama Seguros\",\"inLanguage\":\"pt-BR\",\"potentialAction\":[{\"@type\":\"CommentAction\",\"name\":\"Comment\",\"target\":[\"https:\/\/insurancecorp.com.br\/pt\/2019\/09\/30\/seguro-garantia-e-pauta-do-panorama-do-seguro\/#respond\"]}]},{\"@type\":\"Person\",\"@id\":\"https:\/\/insurancecorp.com.br\/pt\/#\/schema\/person\/1b69c8cf325f0b7167f1b171f52df4af\",\"name\":\"Publica\\u00e7\\u00e3o\",\"image\":{\"@type\":\"ImageObject\",\"@id\":\"https:\/\/insurancecorp.com.br\/pt\/#personlogo\",\"inLanguage\":\"pt-BR\",\"url\":\"https:\/\/secure.gravatar.com\/avatar\/17226f1f60486eb25d4c6b301ffed37f?s=96&d=mm&r=g\",\"caption\":\"Publica\\u00e7\\u00e3o\"}}]}<\/script>\n<!-- \/ Yoast SEO plugin. -->","_links":{"self":[{"href":"https:\/\/insurancecorp.com.br\/pt\/wp-json\/wp\/v2\/posts\/11692"}],"collection":[{"href":"https:\/\/insurancecorp.com.br\/pt\/wp-json\/wp\/v2\/posts"}],"about":[{"href":"https:\/\/insurancecorp.com.br\/pt\/wp-json\/wp\/v2\/types\/post"}],"author":[{"embeddable":true,"href":"https:\/\/insurancecorp.com.br\/pt\/wp-json\/wp\/v2\/users\/2"}],"replies":[{"embeddable":true,"href":"https:\/\/insurancecorp.com.br\/pt\/wp-json\/wp\/v2\/comments?post=11692"}],"version-history":[{"count":1,"href":"https:\/\/insurancecorp.com.br\/pt\/wp-json\/wp\/v2\/posts\/11692\/revisions"}],"predecessor-version":[{"id":11694,"href":"https:\/\/insurancecorp.com.br\/pt\/wp-json\/wp\/v2\/posts\/11692\/revisions\/11694"}],"wp:featuredmedia":[{"embeddable":true,"href":"https:\/\/insurancecorp.com.br\/pt\/wp-json\/wp\/v2\/media\/11693"}],"wp:attachment":[{"href":"https:\/\/insurancecorp.com.br\/pt\/wp-json\/wp\/v2\/media?parent=11692"}],"wp:term":[{"taxonomy":"category","embeddable":true,"href":"https:\/\/insurancecorp.com.br\/pt\/wp-json\/wp\/v2\/categories?post=11692"},{"taxonomy":"post_tag","embeddable":true,"href":"https:\/\/insurancecorp.com.br\/pt\/wp-json\/wp\/v2\/tags?post=11692"}],"curies":[{"name":"wp","href":"https:\/\/api.w.org\/{rel}","templated":true}]}}