{"id":11674,"date":"2019-09-30T15:45:14","date_gmt":"2019-09-30T18:45:14","guid":{"rendered":"https:\/\/insurancecorp.com.br\/pt\/?p=11674"},"modified":"2019-09-30T16:13:23","modified_gmt":"2019-09-30T19:13:23","slug":"ike-assistencia-tem-novidades-na-diretoria-comercial-e-de-redes","status":"publish","type":"post","link":"https:\/\/insurancecorp.com.br\/pt\/2019\/09\/30\/ike-assistencia-tem-novidades-na-diretoria-comercial-e-de-redes\/","title":{"rendered":"Ik\u00ea Assist\u00eancia tem novidades na Diretoria Comercial e de Redes"},"content":{"rendered":"<p>Com ampla experi\u00eancia no mercado de seguros e servi\u00e7os,<strong> Vivian Froelich e Kenia Costa chegam para refor\u00e7ar o time comercial <\/strong>da Ik\u00ea Assist\u00eancia com o objetivo de expandir o relacionamento com os clientes corporativos e agregar \u00e0 qualidade de entrega dos servi\u00e7os prestados pela empresa.<\/p>\n<p>Vivian Froelich ter\u00e1 a miss\u00e3o de garantir ainda mais a satisfa\u00e7\u00e3o dos clientes. \u201cQueremos aproveitar todas as chances de crescimento e junto com nossos clientes desenvolver mais solu\u00e7\u00f5es inovadoras para o mercado\u201d, explica ela, que ao longo da carreira adquiriu viv\u00eancia no segmento B2B e B2B2C, com prospec\u00e7\u00f5es e negocia\u00e7\u00f5es estrat\u00e9gicas junto a seguradoras, bancos, cart\u00f5es, financeira e varejistas. Vivian Froelich \u00e9 formada em engenharia qu\u00edmica e p\u00f3s-graduada em engenharia de seguran\u00e7a do trabalho.<\/p>\n<p>Com experi\u00eancia em empresas de m\u00e9dio e grande porte em segmentos diversificados, Kenia Costa possui expertise na \u00e1rea comercial farmer, gest\u00e3o de novos neg\u00f3cios e contratos, gerenciamento de carteira de clientes B2B e B2C, constru\u00e7\u00e3o de propostas comerciais e estrutura\u00e7\u00e3o de processos operacionais e de gest\u00e3o. \u201cNosso objetivo \u00e9 conquistar cada vez mais potenciais clientes e expandir a atua\u00e7\u00e3o em assist\u00eancia 24 horas\u201d, destaca ela, que \u00e9 formada em gest\u00e3o de recursos humanos e especializada em estrat\u00e9gica de neg\u00f3cios.<\/p>\n<p><strong>Ivan Marcos da Silveira<\/strong>, <strong>novo gerente de rede de prestadores<\/strong>, com mais de 15 anos de experi\u00eancia em prospec\u00e7\u00e3o e manuten\u00e7\u00e3o de rede credenciada em empresas de seguros, acredita na import\u00e2ncia da manuten\u00e7\u00e3o do relacionamento com os principais agentes da cadeia de atendimento, entre eles os prestadores. \u201cSomente assim \u00e9 poss\u00edvel criar a\u00e7\u00f5es de qualidade direcionadas \u00e0 rede de parceiros e seguir para o desenvolvimento de novos projetos\u201d, afirma ele, que \u00e9 formado em gest\u00e3o de log\u00edstica com MBA em gest\u00e3o de pessoas.<\/p>\n<p>Para mais informa\u00e7\u00f5es acesse:<a href=\"https:\/\/www.ikeasistencia.com\/br\/home\"> www.ikeasistencia.com.br<\/a> .<\/p>\n<p><strong>Comunicare<\/strong><\/p>\n","protected":false},"excerpt":{"rendered":"<p>Com ampla experi\u00eancia no mercado de seguros e servi\u00e7os, Vivian Froelich e Kenia Costa chegam para refor\u00e7ar o time comercial da Ik\u00ea Assist\u00eancia com o objetivo de expandir o relacionamento com os clientes corporativos e agregar \u00e0 qualidade de entrega dos servi\u00e7os prestados pela empresa. Vivian Froelich ter\u00e1 a miss\u00e3o de garantir ainda mais a [&hellip;]<\/p>\n","protected":false},"author":2,"featured_media":11680,"comment_status":"open","ping_status":"open","sticky":false,"template":"","format":"standard","meta":[],"categories":[121],"tags":[],"jetpack_featured_media_url":"https:\/\/insurancecorp.com.br\/pt\/wp-content\/uploads\/2019\/09\/69-1.jpg","yoast_head":"<!-- This site is optimized with the Yoast SEO plugin v14.8 - https:\/\/yoast.com\/wordpress\/plugins\/seo\/ -->\n<title>Ik\u00ea Assist\u00eancia tem novidades na Diretoria Comercial e de Redes | Revista Insurance Corp | PT-BR<\/title>\n<meta name=\"robots\" content=\"index, follow\" \/>\n<meta name=\"googlebot\" content=\"index, follow, max-snippet:-1, max-image-preview:large, max-video-preview:-1\" \/>\n<meta name=\"bingbot\" content=\"index, follow, max-snippet:-1, max-image-preview:large, max-video-preview:-1\" \/>\n<link rel=\"canonical\" href=\"https:\/\/insurancecorp.com.br\/pt\/2019\/09\/30\/ike-assistencia-tem-novidades-na-diretoria-comercial-e-de-redes\/\" \/>\n<meta property=\"og:locale\" content=\"pt_BR\" \/>\n<meta property=\"og:type\" content=\"article\" \/>\n<meta property=\"og:title\" content=\"Ik\u00ea Assist\u00eancia tem novidades na Diretoria Comercial e de Redes | Revista Insurance Corp | PT-BR\" \/>\n<meta property=\"og:description\" content=\"Com ampla experi\u00eancia no mercado de seguros e servi\u00e7os, Vivian Froelich e Kenia Costa chegam para refor\u00e7ar o time comercial da Ik\u00ea Assist\u00eancia com o objetivo de expandir o relacionamento com os clientes corporativos e agregar \u00e0 qualidade de entrega dos servi\u00e7os prestados pela empresa. Vivian Froelich ter\u00e1 a miss\u00e3o de garantir ainda mais a [&hellip;]\" \/>\n<meta property=\"og:url\" content=\"https:\/\/insurancecorp.com.br\/pt\/2019\/09\/30\/ike-assistencia-tem-novidades-na-diretoria-comercial-e-de-redes\/\" \/>\n<meta property=\"og:site_name\" content=\"Revista Insurance Corp | PT-BR\" \/>\n<meta property=\"article:publisher\" content=\"https:\/\/www.facebook.com\/RevistaInsuranceCorp\/\" \/>\n<meta property=\"article:published_time\" content=\"2019-09-30T18:45:14+00:00\" \/>\n<meta property=\"article:modified_time\" content=\"2019-09-30T19:13:23+00:00\" \/>\n<meta property=\"og:image\" content=\"https:\/\/insurancecorp.com.br\/pt\/wp-content\/uploads\/2019\/09\/69-1.jpg\" \/>\n\t<meta property=\"og:image:width\" content=\"1200\" \/>\n\t<meta property=\"og:image:height\" content=\"627\" \/>\n<meta name=\"twitter:card\" content=\"summary\" \/>\n<script type=\"application\/ld+json\" class=\"yoast-schema-graph\">{\"@context\":\"https:\/\/schema.org\",\"@graph\":[{\"@type\":\"Organization\",\"@id\":\"https:\/\/insurancecorp.com.br\/pt\/#organization\",\"name\":\"Revista Insurance Corp\",\"url\":\"https:\/\/insurancecorp.com.br\/pt\/\",\"sameAs\":[\"https:\/\/www.facebook.com\/RevistaInsuranceCorp\/\"],\"logo\":{\"@type\":\"ImageObject\",\"@id\":\"https:\/\/insurancecorp.com.br\/pt\/#logo\",\"inLanguage\":\"pt-BR\",\"url\":\"\",\"caption\":\"Revista Insurance Corp\"},\"image\":{\"@id\":\"https:\/\/insurancecorp.com.br\/pt\/#logo\"}},{\"@type\":\"WebSite\",\"@id\":\"https:\/\/insurancecorp.com.br\/pt\/#website\",\"url\":\"https:\/\/insurancecorp.com.br\/pt\/\",\"name\":\"Revista Insurance Corp | PT-BR\",\"description\":\"A \\u00fanica revista bil\\u00edngue voltada ao mercado de seguro.\",\"publisher\":{\"@id\":\"https:\/\/insurancecorp.com.br\/pt\/#organization\"},\"potentialAction\":[{\"@type\":\"SearchAction\",\"target\":\"https:\/\/insurancecorp.com.br\/pt\/?s={search_term_string}\",\"query-input\":\"required name=search_term_string\"}],\"inLanguage\":\"pt-BR\"},{\"@type\":\"ImageObject\",\"@id\":\"https:\/\/insurancecorp.com.br\/pt\/2019\/09\/30\/ike-assistencia-tem-novidades-na-diretoria-comercial-e-de-redes\/#primaryimage\",\"inLanguage\":\"pt-BR\",\"url\":\"https:\/\/insurancecorp.com.br\/pt\/wp-content\/uploads\/2019\/09\/69-1.jpg\",\"width\":1200,\"height\":627},{\"@type\":\"WebPage\",\"@id\":\"https:\/\/insurancecorp.com.br\/pt\/2019\/09\/30\/ike-assistencia-tem-novidades-na-diretoria-comercial-e-de-redes\/#webpage\",\"url\":\"https:\/\/insurancecorp.com.br\/pt\/2019\/09\/30\/ike-assistencia-tem-novidades-na-diretoria-comercial-e-de-redes\/\",\"name\":\"Ik\\u00ea Assist\\u00eancia tem novidades na Diretoria Comercial e de Redes | Revista Insurance Corp | PT-BR\",\"isPartOf\":{\"@id\":\"https:\/\/insurancecorp.com.br\/pt\/#website\"},\"primaryImageOfPage\":{\"@id\":\"https:\/\/insurancecorp.com.br\/pt\/2019\/09\/30\/ike-assistencia-tem-novidades-na-diretoria-comercial-e-de-redes\/#primaryimage\"},\"datePublished\":\"2019-09-30T18:45:14+00:00\",\"dateModified\":\"2019-09-30T19:13:23+00:00\",\"inLanguage\":\"pt-BR\",\"potentialAction\":[{\"@type\":\"ReadAction\",\"target\":[\"https:\/\/insurancecorp.com.br\/pt\/2019\/09\/30\/ike-assistencia-tem-novidades-na-diretoria-comercial-e-de-redes\/\"]}]},{\"@type\":\"Article\",\"@id\":\"https:\/\/insurancecorp.com.br\/pt\/2019\/09\/30\/ike-assistencia-tem-novidades-na-diretoria-comercial-e-de-redes\/#article\",\"isPartOf\":{\"@id\":\"https:\/\/insurancecorp.com.br\/pt\/2019\/09\/30\/ike-assistencia-tem-novidades-na-diretoria-comercial-e-de-redes\/#webpage\"},\"author\":{\"@id\":\"https:\/\/insurancecorp.com.br\/pt\/#\/schema\/person\/1b69c8cf325f0b7167f1b171f52df4af\"},\"headline\":\"Ik\\u00ea Assist\\u00eancia tem novidades na Diretoria Comercial e de Redes\",\"datePublished\":\"2019-09-30T18:45:14+00:00\",\"dateModified\":\"2019-09-30T19:13:23+00:00\",\"mainEntityOfPage\":{\"@id\":\"https:\/\/insurancecorp.com.br\/pt\/2019\/09\/30\/ike-assistencia-tem-novidades-na-diretoria-comercial-e-de-redes\/#webpage\"},\"commentCount\":0,\"publisher\":{\"@id\":\"https:\/\/insurancecorp.com.br\/pt\/#organization\"},\"image\":{\"@id\":\"https:\/\/insurancecorp.com.br\/pt\/2019\/09\/30\/ike-assistencia-tem-novidades-na-diretoria-comercial-e-de-redes\/#primaryimage\"},\"articleSection\":\"IK\\u00ea Assist\\u00eancia Brasil\",\"inLanguage\":\"pt-BR\",\"potentialAction\":[{\"@type\":\"CommentAction\",\"name\":\"Comment\",\"target\":[\"https:\/\/insurancecorp.com.br\/pt\/2019\/09\/30\/ike-assistencia-tem-novidades-na-diretoria-comercial-e-de-redes\/#respond\"]}]},{\"@type\":\"Person\",\"@id\":\"https:\/\/insurancecorp.com.br\/pt\/#\/schema\/person\/1b69c8cf325f0b7167f1b171f52df4af\",\"name\":\"Publica\\u00e7\\u00e3o\",\"image\":{\"@type\":\"ImageObject\",\"@id\":\"https:\/\/insurancecorp.com.br\/pt\/#personlogo\",\"inLanguage\":\"pt-BR\",\"url\":\"https:\/\/secure.gravatar.com\/avatar\/17226f1f60486eb25d4c6b301ffed37f?s=96&d=mm&r=g\",\"caption\":\"Publica\\u00e7\\u00e3o\"}}]}<\/script>\n<!-- \/ Yoast SEO plugin. -->","_links":{"self":[{"href":"https:\/\/insurancecorp.com.br\/pt\/wp-json\/wp\/v2\/posts\/11674"}],"collection":[{"href":"https:\/\/insurancecorp.com.br\/pt\/wp-json\/wp\/v2\/posts"}],"about":[{"href":"https:\/\/insurancecorp.com.br\/pt\/wp-json\/wp\/v2\/types\/post"}],"author":[{"embeddable":true,"href":"https:\/\/insurancecorp.com.br\/pt\/wp-json\/wp\/v2\/users\/2"}],"replies":[{"embeddable":true,"href":"https:\/\/insurancecorp.com.br\/pt\/wp-json\/wp\/v2\/comments?post=11674"}],"version-history":[{"count":3,"href":"https:\/\/insurancecorp.com.br\/pt\/wp-json\/wp\/v2\/posts\/11674\/revisions"}],"predecessor-version":[{"id":11682,"href":"https:\/\/insurancecorp.com.br\/pt\/wp-json\/wp\/v2\/posts\/11674\/revisions\/11682"}],"wp:featuredmedia":[{"embeddable":true,"href":"https:\/\/insurancecorp.com.br\/pt\/wp-json\/wp\/v2\/media\/11680"}],"wp:attachment":[{"href":"https:\/\/insurancecorp.com.br\/pt\/wp-json\/wp\/v2\/media?parent=11674"}],"wp:term":[{"taxonomy":"category","embeddable":true,"href":"https:\/\/insurancecorp.com.br\/pt\/wp-json\/wp\/v2\/categories?post=11674"},{"taxonomy":"post_tag","embeddable":true,"href":"https:\/\/insurancecorp.com.br\/pt\/wp-json\/wp\/v2\/tags?post=11674"}],"curies":[{"name":"wp","href":"https:\/\/api.w.org\/{rel}","templated":true}]}}