{"id":11615,"date":"2019-09-26T10:23:38","date_gmt":"2019-09-26T13:23:38","guid":{"rendered":"https:\/\/insurancecorp.com.br\/pt\/?p=11615"},"modified":"2019-09-26T10:23:38","modified_gmt":"2019-09-26T13:23:38","slug":"clubcor-mg-promove-palestra-gestao-cia","status":"publish","type":"post","link":"https:\/\/insurancecorp.com.br\/pt\/2019\/09\/26\/clubcor-mg-promove-palestra-gestao-cia\/","title":{"rendered":"Clubcor-MG promove palestra \u201cGest\u00e3o &#038; Cia\u201d"},"content":{"rendered":"<p class=\"ydpc18fcb6dmsonormal\"><span style=\"font-family: 'Helvetica',sans-serif;\">O Clube dos Corretores de Seguros de Minas Gerais (Clubcor-MG) promoveu a palestra \u201cGest\u00e3o &amp; Cia\u201d, no dia 25 de setembro, em Belo Horizonte. <\/span><\/p>\n<p class=\"ydpc18fcb6dmsonormal\"><span style=\"font-family: 'Helvetica',sans-serif;\">Associados da entidade, convidados e representantes das seguradoras parceiras ouviram atentamente as dicas valiosas do executivo Geniomar Pereira, que ensinou t\u00e9cnicas e m\u00e9todos para que os profissionais de seguros possam evoluir e obter sucesso nos campos pessoal e profissional. O palestrante possui 35 anos de experi\u00eancia no mercado de seguros. <\/span><\/p>\n<p class=\"ydpc18fcb6dmsonormal\"><span style=\"font-family: 'Helvetica',sans-serif;\">A presidente do Clubcor-MG, Carmem Ribeiro, ressaltou a import\u00e2ncia de os corretores manterem-se atualizados, buscando sempre a qualifica\u00e7\u00e3o profissional. Ela tamb\u00e9m falou sobre o empenho da entidade em proporcionar aos associados oportunidades de capacita\u00e7\u00e3o. <\/span><\/p>\n<p class=\"ydpc18fcb6dmsonormal\"><span style=\"font-family: 'Helvetica',sans-serif;\">\u201cDesde que assumimos a gest\u00e3o do Clube, buscamos inovar em nossas a\u00e7\u00f5es. Em poucos meses de mandato, realizamos workshop e palestras com profissionais renomados no mercado, que trouxeram temas abrangentes e muito atuais\u201d, relembra. <\/span><\/p>\n<p class=\"ydpc18fcb6dmsonormal\"><span style=\"font-family: 'Helvetica',sans-serif;\">Segundo Carmem Ribeiro, os eventos do Clube propiciam aos corretores \u201cmomentos para compartilhar ideais, trocar conhecimento, fazer networking e estreitar os la\u00e7os com os colegas de mercado e seguradoras parceiras, que patrocinam a institui\u00e7\u00e3o\u201d.<\/span><\/p>\n<p class=\"ydpc18fcb6dmsonormal\"><span style=\"font-family: 'Helvetica',sans-serif;\">A presidente espera contar com o apoio dos corretores para que a entidade possa se fortalecer ainda mais, ofertando novos benef\u00edcios e servi\u00e7os aos s\u00f3cios. \u201cContamos com a ajuda de cada associado participando do dia a dia do Clube, contribuindo com ideias e projetos e tamb\u00e9m convidando os amigos a se associarem\u201d, completa.<\/span><\/p>\n<p><strong>DG Comunica\u00e7\u00e3o<\/strong><\/p>\n<p>Foto:\u00a0Evento reuniu associados do Clubcor-MG, convidados e representantes das seguradoras parceiras (Adilsson Oscar)<span style=\"font-family: Helvetica, sans-serif;\">.<\/span><\/p>\n","protected":false},"excerpt":{"rendered":"<p>O Clube dos Corretores de Seguros de Minas Gerais (Clubcor-MG) promoveu a palestra \u201cGest\u00e3o &amp; Cia\u201d, no dia 25 de setembro, em Belo Horizonte. Associados da entidade, convidados e representantes das seguradoras parceiras ouviram atentamente as dicas valiosas do executivo Geniomar Pereira, que ensinou t\u00e9cnicas e m\u00e9todos para que os profissionais de seguros possam evoluir [&hellip;]<\/p>\n","protected":false},"author":2,"featured_media":11616,"comment_status":"open","ping_status":"open","sticky":false,"template":"","format":"standard","meta":[],"categories":[291],"tags":[],"jetpack_featured_media_url":"https:\/\/insurancecorp.com.br\/pt\/wp-content\/uploads\/2019\/09\/Evandro-Leiras-1.jpeg","yoast_head":"<!-- This site is optimized with the Yoast SEO plugin v14.8 - https:\/\/yoast.com\/wordpress\/plugins\/seo\/ -->\n<title>Clubcor-MG promove palestra \u201cGest\u00e3o &amp; Cia\u201d | Revista Insurance Corp | PT-BR<\/title>\n<meta name=\"robots\" content=\"index, follow\" \/>\n<meta name=\"googlebot\" content=\"index, follow, max-snippet:-1, max-image-preview:large, max-video-preview:-1\" \/>\n<meta name=\"bingbot\" content=\"index, follow, max-snippet:-1, max-image-preview:large, max-video-preview:-1\" \/>\n<link rel=\"canonical\" href=\"https:\/\/insurancecorp.com.br\/pt\/2019\/09\/26\/clubcor-mg-promove-palestra-gestao-cia\/\" \/>\n<meta property=\"og:locale\" content=\"pt_BR\" \/>\n<meta property=\"og:type\" content=\"article\" \/>\n<meta property=\"og:title\" content=\"Clubcor-MG promove palestra \u201cGest\u00e3o &amp; Cia\u201d | Revista Insurance Corp | PT-BR\" \/>\n<meta property=\"og:description\" content=\"O Clube dos Corretores de Seguros de Minas Gerais (Clubcor-MG) promoveu a palestra \u201cGest\u00e3o &amp; Cia\u201d, no dia 25 de setembro, em Belo Horizonte. Associados da entidade, convidados e representantes das seguradoras parceiras ouviram atentamente as dicas valiosas do executivo Geniomar Pereira, que ensinou t\u00e9cnicas e m\u00e9todos para que os profissionais de seguros possam evoluir [&hellip;]\" \/>\n<meta property=\"og:url\" content=\"https:\/\/insurancecorp.com.br\/pt\/2019\/09\/26\/clubcor-mg-promove-palestra-gestao-cia\/\" \/>\n<meta property=\"og:site_name\" content=\"Revista Insurance Corp | PT-BR\" \/>\n<meta property=\"article:publisher\" content=\"https:\/\/www.facebook.com\/RevistaInsuranceCorp\/\" \/>\n<meta property=\"article:published_time\" content=\"2019-09-26T13:23:38+00:00\" \/>\n<meta property=\"og:image\" content=\"https:\/\/insurancecorp.com.br\/pt\/wp-content\/uploads\/2019\/09\/Evandro-Leiras-1.jpeg\" \/>\n\t<meta property=\"og:image:width\" content=\"1277\" \/>\n\t<meta property=\"og:image:height\" content=\"741\" \/>\n<meta name=\"twitter:card\" content=\"summary\" \/>\n<script type=\"application\/ld+json\" class=\"yoast-schema-graph\">{\"@context\":\"https:\/\/schema.org\",\"@graph\":[{\"@type\":\"Organization\",\"@id\":\"https:\/\/insurancecorp.com.br\/pt\/#organization\",\"name\":\"Revista Insurance Corp\",\"url\":\"https:\/\/insurancecorp.com.br\/pt\/\",\"sameAs\":[\"https:\/\/www.facebook.com\/RevistaInsuranceCorp\/\"],\"logo\":{\"@type\":\"ImageObject\",\"@id\":\"https:\/\/insurancecorp.com.br\/pt\/#logo\",\"inLanguage\":\"pt-BR\",\"url\":\"\",\"caption\":\"Revista Insurance Corp\"},\"image\":{\"@id\":\"https:\/\/insurancecorp.com.br\/pt\/#logo\"}},{\"@type\":\"WebSite\",\"@id\":\"https:\/\/insurancecorp.com.br\/pt\/#website\",\"url\":\"https:\/\/insurancecorp.com.br\/pt\/\",\"name\":\"Revista Insurance Corp | PT-BR\",\"description\":\"A \\u00fanica revista bil\\u00edngue voltada ao mercado de seguro.\",\"publisher\":{\"@id\":\"https:\/\/insurancecorp.com.br\/pt\/#organization\"},\"potentialAction\":[{\"@type\":\"SearchAction\",\"target\":\"https:\/\/insurancecorp.com.br\/pt\/?s={search_term_string}\",\"query-input\":\"required name=search_term_string\"}],\"inLanguage\":\"pt-BR\"},{\"@type\":\"ImageObject\",\"@id\":\"https:\/\/insurancecorp.com.br\/pt\/2019\/09\/26\/clubcor-mg-promove-palestra-gestao-cia\/#primaryimage\",\"inLanguage\":\"pt-BR\",\"url\":\"https:\/\/insurancecorp.com.br\/pt\/wp-content\/uploads\/2019\/09\/Evandro-Leiras-1.jpeg\",\"width\":1277,\"height\":741},{\"@type\":\"WebPage\",\"@id\":\"https:\/\/insurancecorp.com.br\/pt\/2019\/09\/26\/clubcor-mg-promove-palestra-gestao-cia\/#webpage\",\"url\":\"https:\/\/insurancecorp.com.br\/pt\/2019\/09\/26\/clubcor-mg-promove-palestra-gestao-cia\/\",\"name\":\"Clubcor-MG promove palestra \\u201cGest\\u00e3o & Cia\\u201d | Revista Insurance Corp | PT-BR\",\"isPartOf\":{\"@id\":\"https:\/\/insurancecorp.com.br\/pt\/#website\"},\"primaryImageOfPage\":{\"@id\":\"https:\/\/insurancecorp.com.br\/pt\/2019\/09\/26\/clubcor-mg-promove-palestra-gestao-cia\/#primaryimage\"},\"datePublished\":\"2019-09-26T13:23:38+00:00\",\"dateModified\":\"2019-09-26T13:23:38+00:00\",\"inLanguage\":\"pt-BR\",\"potentialAction\":[{\"@type\":\"ReadAction\",\"target\":[\"https:\/\/insurancecorp.com.br\/pt\/2019\/09\/26\/clubcor-mg-promove-palestra-gestao-cia\/\"]}]},{\"@type\":\"Article\",\"@id\":\"https:\/\/insurancecorp.com.br\/pt\/2019\/09\/26\/clubcor-mg-promove-palestra-gestao-cia\/#article\",\"isPartOf\":{\"@id\":\"https:\/\/insurancecorp.com.br\/pt\/2019\/09\/26\/clubcor-mg-promove-palestra-gestao-cia\/#webpage\"},\"author\":{\"@id\":\"https:\/\/insurancecorp.com.br\/pt\/#\/schema\/person\/1b69c8cf325f0b7167f1b171f52df4af\"},\"headline\":\"Clubcor-MG promove palestra \\u201cGest\\u00e3o &#038; Cia\\u201d\",\"datePublished\":\"2019-09-26T13:23:38+00:00\",\"dateModified\":\"2019-09-26T13:23:38+00:00\",\"mainEntityOfPage\":{\"@id\":\"https:\/\/insurancecorp.com.br\/pt\/2019\/09\/26\/clubcor-mg-promove-palestra-gestao-cia\/#webpage\"},\"commentCount\":0,\"publisher\":{\"@id\":\"https:\/\/insurancecorp.com.br\/pt\/#organization\"},\"image\":{\"@id\":\"https:\/\/insurancecorp.com.br\/pt\/2019\/09\/26\/clubcor-mg-promove-palestra-gestao-cia\/#primaryimage\"},\"articleSection\":\"Clubcor-MG\",\"inLanguage\":\"pt-BR\",\"potentialAction\":[{\"@type\":\"CommentAction\",\"name\":\"Comment\",\"target\":[\"https:\/\/insurancecorp.com.br\/pt\/2019\/09\/26\/clubcor-mg-promove-palestra-gestao-cia\/#respond\"]}]},{\"@type\":\"Person\",\"@id\":\"https:\/\/insurancecorp.com.br\/pt\/#\/schema\/person\/1b69c8cf325f0b7167f1b171f52df4af\",\"name\":\"Publica\\u00e7\\u00e3o\",\"image\":{\"@type\":\"ImageObject\",\"@id\":\"https:\/\/insurancecorp.com.br\/pt\/#personlogo\",\"inLanguage\":\"pt-BR\",\"url\":\"https:\/\/secure.gravatar.com\/avatar\/17226f1f60486eb25d4c6b301ffed37f?s=96&d=mm&r=g\",\"caption\":\"Publica\\u00e7\\u00e3o\"}}]}<\/script>\n<!-- \/ Yoast SEO plugin. -->","_links":{"self":[{"href":"https:\/\/insurancecorp.com.br\/pt\/wp-json\/wp\/v2\/posts\/11615"}],"collection":[{"href":"https:\/\/insurancecorp.com.br\/pt\/wp-json\/wp\/v2\/posts"}],"about":[{"href":"https:\/\/insurancecorp.com.br\/pt\/wp-json\/wp\/v2\/types\/post"}],"author":[{"embeddable":true,"href":"https:\/\/insurancecorp.com.br\/pt\/wp-json\/wp\/v2\/users\/2"}],"replies":[{"embeddable":true,"href":"https:\/\/insurancecorp.com.br\/pt\/wp-json\/wp\/v2\/comments?post=11615"}],"version-history":[{"count":1,"href":"https:\/\/insurancecorp.com.br\/pt\/wp-json\/wp\/v2\/posts\/11615\/revisions"}],"predecessor-version":[{"id":11617,"href":"https:\/\/insurancecorp.com.br\/pt\/wp-json\/wp\/v2\/posts\/11615\/revisions\/11617"}],"wp:featuredmedia":[{"embeddable":true,"href":"https:\/\/insurancecorp.com.br\/pt\/wp-json\/wp\/v2\/media\/11616"}],"wp:attachment":[{"href":"https:\/\/insurancecorp.com.br\/pt\/wp-json\/wp\/v2\/media?parent=11615"}],"wp:term":[{"taxonomy":"category","embeddable":true,"href":"https:\/\/insurancecorp.com.br\/pt\/wp-json\/wp\/v2\/categories?post=11615"},{"taxonomy":"post_tag","embeddable":true,"href":"https:\/\/insurancecorp.com.br\/pt\/wp-json\/wp\/v2\/tags?post=11615"}],"curies":[{"name":"wp","href":"https:\/\/api.w.org\/{rel}","templated":true}]}}