{"id":11168,"date":"2019-09-16T16:49:30","date_gmt":"2019-09-16T19:49:30","guid":{"rendered":"https:\/\/insurancecorp.com.br\/pt\/?p=11168"},"modified":"2019-09-16T17:07:22","modified_gmt":"2019-09-16T20:07:22","slug":"formacao-executiva-e-a-nova-categoria-de-cursos-da-ens","status":"publish","type":"post","link":"https:\/\/insurancecorp.com.br\/pt\/2019\/09\/16\/formacao-executiva-e-a-nova-categoria-de-cursos-da-ens\/","title":{"rendered":"Forma\u00e7\u00e3o Executiva \u00e9 o novo projeto da ENS"},"content":{"rendered":"<div class=\"center\">\n<div class=\"clearfix\">\n<div class=\"column-70 left\">\n<div class=\"text-noticie\">\n<p>O mercado de seguros, devido ao seu crescimento e consequente necessidade de m\u00e3o de obra altamente qualificada, demanda cada vez mais profissionais de \u00e1reas distintas \u00e0quelas exclusivamente relacionadas ao universo tradicional do seguro.<\/p>\n<p>A Escola Nacional de Seguros (ENS), apoiada pela excel\u00eancia do seu corpo docente, busca ofertar cursos que transcendam e ampliem as fronteiras do conhecimento associado ao setor, com turmas direcionadas a profissionais de diversos segmentos. Por isso, a ENS acaba de lan\u00e7ar uma nova linha de produtos, dentro da categoria de Forma\u00e7\u00e3o Executiva de curta, m\u00e9dia e longa dura\u00e7\u00e3o.<\/p>\n<p>De acordo com o diretor de Ensino Superior da Institui\u00e7\u00e3o, Mario Pinto, os novos cursos v\u00eam ao encontro do atual posicionamento estrat\u00e9gico da Escola, de ampliar a dissemina\u00e7\u00e3o de conhecimento para setores fundamentais da economia. \u201cTemos infraestrutura e corpo docente de excel\u00eancia, capazes de oferecer capacita\u00e7\u00e3o para executivos de alta gest\u00e3o de diferentes \u00e1reas de neg\u00f3cios e de segmentos correlatos ao de seguros\u201d, afirma o executivo.<\/p>\n<p>Inicialmente, a nova categoria traz 14 cursos, entre MBAs e extens\u00f5es, sobre temas como Gest\u00e3o Estrat\u00e9gica de Neg\u00f3cios de Servi\u00e7os; Educa\u00e7\u00e3o Financeira; Log\u00edstica; Sinistros de <em>Property<\/em>; Marketing &amp; <em>Consumer Insights<\/em>; Gest\u00e3o de Inova\u00e7\u00e3o em Seguros; Gest\u00e3o de Servi\u00e7os e o Setor de Sa\u00fade; Lideran\u00e7a Sustent\u00e1vel de Pessoas, entre outros.<\/p>\n<p>Os programas ser\u00e3o ministrados no Rio de Janeiro (RJ) e em S\u00e3o Paulo (SP), a partir de outubro, dependendo da op\u00e7\u00e3o escolhida.<\/p>\n<p>O cat\u00e1logo completo e mais informa\u00e7\u00f5es podem ser consultados no <em>site<\/em> <strong><a href=\"https:\/\/www.ens.edu.br\/cursos\/categoria\/formacao-executiva\" target=\"_blank\" rel=\"noopener\">ens.edu.br<\/a><\/strong>, que tamb\u00e9m \u00e9 o canal para matr\u00edculas.<\/p>\n<p>Fonte : Newsletter da Escola Nacional de Seguros N\u00ba 672<\/p>\n<\/div>\n<\/div>\n<\/div>\n<\/div>\n","protected":false},"excerpt":{"rendered":"<p>O mercado de seguros, devido ao seu crescimento e consequente necessidade de m\u00e3o de obra altamente qualificada, demanda cada vez mais profissionais de \u00e1reas distintas \u00e0quelas exclusivamente relacionadas ao universo tradicional do seguro. A Escola Nacional de Seguros (ENS), apoiada pela excel\u00eancia do seu corpo docente, busca ofertar cursos que transcendam e ampliem as fronteiras [&hellip;]<\/p>\n","protected":false},"author":2,"featured_media":11185,"comment_status":"open","ping_status":"open","sticky":false,"template":"","format":"standard","meta":[],"categories":[118],"tags":[],"jetpack_featured_media_url":"https:\/\/insurancecorp.com.br\/pt\/wp-content\/uploads\/2019\/09\/7_-semin\u00e1rio-5.jpg","yoast_head":"<!-- This site is optimized with the Yoast SEO plugin v14.8 - https:\/\/yoast.com\/wordpress\/plugins\/seo\/ -->\n<title>Forma\u00e7\u00e3o Executiva \u00e9 o novo projeto da ENS | Revista Insurance Corp | PT-BR<\/title>\n<meta name=\"robots\" content=\"index, follow\" \/>\n<meta name=\"googlebot\" content=\"index, follow, max-snippet:-1, max-image-preview:large, max-video-preview:-1\" \/>\n<meta name=\"bingbot\" content=\"index, follow, max-snippet:-1, max-image-preview:large, max-video-preview:-1\" \/>\n<link rel=\"canonical\" href=\"https:\/\/insurancecorp.com.br\/pt\/2019\/09\/16\/formacao-executiva-e-a-nova-categoria-de-cursos-da-ens\/\" \/>\n<meta property=\"og:locale\" content=\"pt_BR\" \/>\n<meta property=\"og:type\" content=\"article\" \/>\n<meta property=\"og:title\" content=\"Forma\u00e7\u00e3o Executiva \u00e9 o novo projeto da ENS | Revista Insurance Corp | PT-BR\" \/>\n<meta property=\"og:description\" content=\"O mercado de seguros, devido ao seu crescimento e consequente necessidade de m\u00e3o de obra altamente qualificada, demanda cada vez mais profissionais de \u00e1reas distintas \u00e0quelas exclusivamente relacionadas ao universo tradicional do seguro. A Escola Nacional de Seguros (ENS), apoiada pela excel\u00eancia do seu corpo docente, busca ofertar cursos que transcendam e ampliem as fronteiras [&hellip;]\" \/>\n<meta property=\"og:url\" content=\"https:\/\/insurancecorp.com.br\/pt\/2019\/09\/16\/formacao-executiva-e-a-nova-categoria-de-cursos-da-ens\/\" \/>\n<meta property=\"og:site_name\" content=\"Revista Insurance Corp | PT-BR\" \/>\n<meta property=\"article:publisher\" content=\"https:\/\/www.facebook.com\/RevistaInsuranceCorp\/\" \/>\n<meta property=\"article:published_time\" content=\"2019-09-16T19:49:30+00:00\" \/>\n<meta property=\"article:modified_time\" content=\"2019-09-16T20:07:22+00:00\" \/>\n<meta property=\"og:image\" content=\"https:\/\/insurancecorp.com.br\/pt\/wp-content\/uploads\/2019\/09\/7_-semin\u00e1rio-5.jpg\" \/>\n\t<meta property=\"og:image:width\" content=\"960\" \/>\n\t<meta property=\"og:image:height\" content=\"640\" \/>\n<meta name=\"twitter:card\" content=\"summary\" \/>\n<script type=\"application\/ld+json\" class=\"yoast-schema-graph\">{\"@context\":\"https:\/\/schema.org\",\"@graph\":[{\"@type\":\"Organization\",\"@id\":\"https:\/\/insurancecorp.com.br\/pt\/#organization\",\"name\":\"Revista Insurance Corp\",\"url\":\"https:\/\/insurancecorp.com.br\/pt\/\",\"sameAs\":[\"https:\/\/www.facebook.com\/RevistaInsuranceCorp\/\"],\"logo\":{\"@type\":\"ImageObject\",\"@id\":\"https:\/\/insurancecorp.com.br\/pt\/#logo\",\"inLanguage\":\"pt-BR\",\"url\":\"\",\"caption\":\"Revista Insurance Corp\"},\"image\":{\"@id\":\"https:\/\/insurancecorp.com.br\/pt\/#logo\"}},{\"@type\":\"WebSite\",\"@id\":\"https:\/\/insurancecorp.com.br\/pt\/#website\",\"url\":\"https:\/\/insurancecorp.com.br\/pt\/\",\"name\":\"Revista Insurance Corp | PT-BR\",\"description\":\"A \\u00fanica revista bil\\u00edngue voltada ao mercado de seguro.\",\"publisher\":{\"@id\":\"https:\/\/insurancecorp.com.br\/pt\/#organization\"},\"potentialAction\":[{\"@type\":\"SearchAction\",\"target\":\"https:\/\/insurancecorp.com.br\/pt\/?s={search_term_string}\",\"query-input\":\"required name=search_term_string\"}],\"inLanguage\":\"pt-BR\"},{\"@type\":\"ImageObject\",\"@id\":\"https:\/\/insurancecorp.com.br\/pt\/2019\/09\/16\/formacao-executiva-e-a-nova-categoria-de-cursos-da-ens\/#primaryimage\",\"inLanguage\":\"pt-BR\",\"url\":\"https:\/\/insurancecorp.com.br\/pt\/wp-content\/uploads\/2019\/09\/7_-semin\\u00e1rio-5.jpg\",\"width\":960,\"height\":640},{\"@type\":\"WebPage\",\"@id\":\"https:\/\/insurancecorp.com.br\/pt\/2019\/09\/16\/formacao-executiva-e-a-nova-categoria-de-cursos-da-ens\/#webpage\",\"url\":\"https:\/\/insurancecorp.com.br\/pt\/2019\/09\/16\/formacao-executiva-e-a-nova-categoria-de-cursos-da-ens\/\",\"name\":\"Forma\\u00e7\\u00e3o Executiva \\u00e9 o novo projeto da ENS | Revista Insurance Corp | PT-BR\",\"isPartOf\":{\"@id\":\"https:\/\/insurancecorp.com.br\/pt\/#website\"},\"primaryImageOfPage\":{\"@id\":\"https:\/\/insurancecorp.com.br\/pt\/2019\/09\/16\/formacao-executiva-e-a-nova-categoria-de-cursos-da-ens\/#primaryimage\"},\"datePublished\":\"2019-09-16T19:49:30+00:00\",\"dateModified\":\"2019-09-16T20:07:22+00:00\",\"inLanguage\":\"pt-BR\",\"potentialAction\":[{\"@type\":\"ReadAction\",\"target\":[\"https:\/\/insurancecorp.com.br\/pt\/2019\/09\/16\/formacao-executiva-e-a-nova-categoria-de-cursos-da-ens\/\"]}]},{\"@type\":\"Article\",\"@id\":\"https:\/\/insurancecorp.com.br\/pt\/2019\/09\/16\/formacao-executiva-e-a-nova-categoria-de-cursos-da-ens\/#article\",\"isPartOf\":{\"@id\":\"https:\/\/insurancecorp.com.br\/pt\/2019\/09\/16\/formacao-executiva-e-a-nova-categoria-de-cursos-da-ens\/#webpage\"},\"author\":{\"@id\":\"https:\/\/insurancecorp.com.br\/pt\/#\/schema\/person\/1b69c8cf325f0b7167f1b171f52df4af\"},\"headline\":\"Forma\\u00e7\\u00e3o Executiva \\u00e9 o novo projeto da ENS\",\"datePublished\":\"2019-09-16T19:49:30+00:00\",\"dateModified\":\"2019-09-16T20:07:22+00:00\",\"mainEntityOfPage\":{\"@id\":\"https:\/\/insurancecorp.com.br\/pt\/2019\/09\/16\/formacao-executiva-e-a-nova-categoria-de-cursos-da-ens\/#webpage\"},\"commentCount\":0,\"publisher\":{\"@id\":\"https:\/\/insurancecorp.com.br\/pt\/#organization\"},\"image\":{\"@id\":\"https:\/\/insurancecorp.com.br\/pt\/2019\/09\/16\/formacao-executiva-e-a-nova-categoria-de-cursos-da-ens\/#primaryimage\"},\"articleSection\":\"Escola Nacional de Seguros\",\"inLanguage\":\"pt-BR\",\"potentialAction\":[{\"@type\":\"CommentAction\",\"name\":\"Comment\",\"target\":[\"https:\/\/insurancecorp.com.br\/pt\/2019\/09\/16\/formacao-executiva-e-a-nova-categoria-de-cursos-da-ens\/#respond\"]}]},{\"@type\":\"Person\",\"@id\":\"https:\/\/insurancecorp.com.br\/pt\/#\/schema\/person\/1b69c8cf325f0b7167f1b171f52df4af\",\"name\":\"Publica\\u00e7\\u00e3o\",\"image\":{\"@type\":\"ImageObject\",\"@id\":\"https:\/\/insurancecorp.com.br\/pt\/#personlogo\",\"inLanguage\":\"pt-BR\",\"url\":\"https:\/\/secure.gravatar.com\/avatar\/17226f1f60486eb25d4c6b301ffed37f?s=96&d=mm&r=g\",\"caption\":\"Publica\\u00e7\\u00e3o\"}}]}<\/script>\n<!-- \/ Yoast SEO plugin. -->","_links":{"self":[{"href":"https:\/\/insurancecorp.com.br\/pt\/wp-json\/wp\/v2\/posts\/11168"}],"collection":[{"href":"https:\/\/insurancecorp.com.br\/pt\/wp-json\/wp\/v2\/posts"}],"about":[{"href":"https:\/\/insurancecorp.com.br\/pt\/wp-json\/wp\/v2\/types\/post"}],"author":[{"embeddable":true,"href":"https:\/\/insurancecorp.com.br\/pt\/wp-json\/wp\/v2\/users\/2"}],"replies":[{"embeddable":true,"href":"https:\/\/insurancecorp.com.br\/pt\/wp-json\/wp\/v2\/comments?post=11168"}],"version-history":[{"count":3,"href":"https:\/\/insurancecorp.com.br\/pt\/wp-json\/wp\/v2\/posts\/11168\/revisions"}],"predecessor-version":[{"id":11187,"href":"https:\/\/insurancecorp.com.br\/pt\/wp-json\/wp\/v2\/posts\/11168\/revisions\/11187"}],"wp:featuredmedia":[{"embeddable":true,"href":"https:\/\/insurancecorp.com.br\/pt\/wp-json\/wp\/v2\/media\/11185"}],"wp:attachment":[{"href":"https:\/\/insurancecorp.com.br\/pt\/wp-json\/wp\/v2\/media?parent=11168"}],"wp:term":[{"taxonomy":"category","embeddable":true,"href":"https:\/\/insurancecorp.com.br\/pt\/wp-json\/wp\/v2\/categories?post=11168"},{"taxonomy":"post_tag","embeddable":true,"href":"https:\/\/insurancecorp.com.br\/pt\/wp-json\/wp\/v2\/tags?post=11168"}],"curies":[{"name":"wp","href":"https:\/\/api.w.org\/{rel}","templated":true}]}}