{"id":11080,"date":"2019-09-12T14:26:07","date_gmt":"2019-09-12T17:26:07","guid":{"rendered":"https:\/\/insurancecorp.com.br\/pt\/?p=11080"},"modified":"2019-09-12T14:26:07","modified_gmt":"2019-09-12T17:26:07","slug":"seguradora-lider-reduz-o-seguro-dpvat","status":"publish","type":"post","link":"https:\/\/insurancecorp.com.br\/pt\/2019\/09\/12\/seguradora-lider-reduz-o-seguro-dpvat\/","title":{"rendered":"Seguradora L\u00edder reduz o Seguro DPVAT"},"content":{"rendered":"<table width=\"0\">\n<tbody>\n<tr>\n<td>A Seguradora L\u00edder, por meio da amplia\u00e7\u00e3o do conhecimento e esclarecimento sobre o acesso ao Seguro DPVAT, tem somado esfor\u00e7os a fim de reduzir a judicializa\u00e7\u00e3o do processo de pagamento de indeniza\u00e7\u00f5es \u00e0s v\u00edtimas de acidentes de tr\u00e2nsito. Os resultados podem ser vistos em n\u00fameros. Nos \u00faltimos quatro anos, o estoque total de a\u00e7\u00f5es judiciais da companhia caiu 15%. Apenas neste ano, a empresa conseguiu diminuir de 419.615 para 357.747 o n\u00famero de processos. J\u00e1 ao analisar o hist\u00f3rico de entradas de novas a\u00e7\u00f5es nos \u00faltimos quatro anos, a queda foi de 51% na compara\u00e7\u00e3o entre os oito primeiros meses de 2019 e o mesmo per\u00edodo de 2015.<\/p>\n<p>Os resultados positivos conquistados pela \u00e1rea jur\u00eddica da Seguradora tamb\u00e9m est\u00e3o expressos na quantidade de causas ganhas nos \u00faltimos anos. O percentual de sucesso em 2015 era de 35,3% e, em 2018, o dado atingiu 62,9%, o que representa um aumento de 31% durante este per\u00edodo. Com a evolu\u00e7\u00e3o dos estudos de teses e maior entendimento de atua\u00e7\u00e3o de cada Tribunal, nos oito primeiros meses do ano de 2019, os ganhos de causa j\u00e1 representam 65,9% do total de processos julgados nos \u00faltimos quatro anos.<\/p>\n<p>A Seguradora L\u00edder vem adotando estrat\u00e9gias para ampliar o di\u00e1logo com a sociedade e a clareza da legisla\u00e7\u00e3o vigente e aplic\u00e1vel ao Seguro DPVAT com o objetivo de tornar o acesso ao benef\u00edcio cada vez mais f\u00e1cil. O lan\u00e7amento da Cartilha &#8220;Seguro DPVAT: Legisla\u00e7\u00e3o e Jurisprud\u00eancia&#8221; \u00e9 um exemplo dessas a\u00e7\u00f5es. O documento re\u00fane teses jur\u00eddicas j\u00e1 aplicadas em rela\u00e7\u00e3o ao seguro obrigat\u00f3rio buscando esclarecer situa\u00e7\u00f5es em que o pagamento \u00e9 devido ou n\u00e3o a partir da legisla\u00e7\u00e3o vigente.<\/p>\n<p>Apesar disso, algumas v\u00edtimas e familiares buscam a Justi\u00e7a antes mesmo de entrarem com a solicita\u00e7\u00e3o de indeniza\u00e7\u00e3o na Seguradora L\u00edder. Em 2018, cerca de 22% das a\u00e7\u00f5es judiciais n\u00e3o tiveram registro de pedido na companhia. Assim, um pagamento que pode ser efetuado em at\u00e9 30 dias pela via administrativa acaba levando, em m\u00e9dia, dois anos por meio de uma a\u00e7\u00e3o judicial.<\/p>\n<p>&#8220;O desafio est\u00e1 em ampliar o conhecimento sobre o Seguro DPVAT com o intuito de reduzir a judicializa\u00e7\u00e3o e facilitar cada vez mais o acesso \u00e0s indeniza\u00e7\u00f5es e reembolsos. Para isso, a estrat\u00e9gia tem sido disseminar as principais informa\u00e7\u00f5es do benef\u00edcio para a sociedade e garantir adequado embasamento e seguran\u00e7a jur\u00eddica para a resolu\u00e7\u00e3o de poss\u00edveis novos conflitos&#8221;, destaca o diretor Jur\u00eddico da Seguradora L\u00edder, H\u00e9lio Bitton. O executivo refor\u00e7a, ainda, que nos \u00faltimos anos a \u00e1rea passou por uma verdadeira metamorfose. &#8220;As mudan\u00e7as que estamos implantando em prol dos benefici\u00e1rios e segurados e o nosso trabalho de esclarecimento sobre as regras do Seguro DPVAT est\u00e3o refletidos nos nossos n\u00fameros&#8221;, esclarece.<\/p>\n<p><a href=\"https:\/\/yedmalazaenzarebeonon.i-mpr.com\/link.php?code=bDpodHRwJTNBJTJGJTJGc2VndXJhZG9yYWxpZGVyLmNvbS5iciUyRkRvY3VtZW50cyUyRmRvY3VtZW50b3MlMkZDYXJ0aWxoYV9KdXIlMjVDMyUyNUFEZGljYV9EUFZBVF9XRUIucGRmOjEwNzQyMzAzMjI6cmVkYWNhb0BpbnN1cmFuY2Vjb3JwLmNvbS5icjphY2ZlYzY=\">Clique aqui<\/a> para conferir a \u00edntegra da Cartilha &#8220;Seguro DPVAT: Legisla\u00e7\u00e3o e Jurisprud\u00eancia&#8221;.<\/p>\n<p><strong>Sobre o Seguro DPVAT<\/strong><\/p>\n<p>O DPVAT \u00e9 um seguro obrigat\u00f3rio de car\u00e1ter social que protege os mais de 209 milh\u00f5es de brasileiros em casos de acidentes de tr\u00e2nsito, sem apura\u00e7\u00e3o da culpa. Ele pode ser destinado a qualquer cidad\u00e3o acidentado em territ\u00f3rio nacional, seja motorista, passageiro ou pedestre, e oferece tr\u00eas tipos de coberturas: morte (valor de R$ 13.500), invalidez permanente (de R$ 135 a R$ 13.500) e reembolso de despesas m\u00e9dicas e suplementares (at\u00e9 R$ 2.700). A prote\u00e7\u00e3o \u00e9 assegurada por um per\u00edodo de at\u00e9 3 anos.<\/p>\n<p>Dos recursos arrecadados pelo seguro obrigat\u00f3rio, 50% v\u00e3o para a Uni\u00e3o, sendo 45% para o Sistema \u00danico de Sa\u00fade (SUS) para custeio da assist\u00eancia m\u00e9dico-hospitalar \u00e0s v\u00edtimas de acidentes de tr\u00e2nsito, e 5% s\u00e3o para o Denatran (Departamento Nacional de Tr\u00e2nsito), para investimento em programas de educa\u00e7\u00e3o e preven\u00e7\u00e3o de acidentes de tr\u00e2nsito. Os outros 50% s\u00e3o direcionados para despesas, reservas e pagamento de indeniza\u00e7\u00f5es.<\/p>\n<p><strong>CDN Comunica\u00e7\u00e3o<\/strong><\/td>\n<\/tr>\n<\/tbody>\n<\/table>\n","protected":false},"excerpt":{"rendered":"<p>A Seguradora L\u00edder, por meio da amplia\u00e7\u00e3o do conhecimento e esclarecimento sobre o acesso ao Seguro DPVAT, tem somado esfor\u00e7os a fim de reduzir a judicializa\u00e7\u00e3o do processo de pagamento de indeniza\u00e7\u00f5es \u00e0s v\u00edtimas de acidentes de tr\u00e2nsito. Os resultados podem ser vistos em n\u00fameros. Nos \u00faltimos quatro anos, o estoque total de a\u00e7\u00f5es judiciais [&hellip;]<\/p>\n","protected":false},"author":2,"featured_media":11081,"comment_status":"open","ping_status":"open","sticky":false,"template":"","format":"standard","meta":[],"categories":[147],"tags":[],"jetpack_featured_media_url":"https:\/\/insurancecorp.com.br\/pt\/wp-content\/uploads\/2019\/09\/Expo-ABGR-2019-1.jpg","yoast_head":"<!-- This site is optimized with the Yoast SEO plugin v14.8 - https:\/\/yoast.com\/wordpress\/plugins\/seo\/ -->\n<title>Seguradora L\u00edder reduz o Seguro DPVAT | Revista Insurance Corp | PT-BR<\/title>\n<meta name=\"robots\" content=\"index, follow\" \/>\n<meta name=\"googlebot\" content=\"index, follow, max-snippet:-1, max-image-preview:large, max-video-preview:-1\" \/>\n<meta name=\"bingbot\" content=\"index, follow, max-snippet:-1, max-image-preview:large, max-video-preview:-1\" \/>\n<link rel=\"canonical\" href=\"https:\/\/insurancecorp.com.br\/pt\/2019\/09\/12\/seguradora-lider-reduz-o-seguro-dpvat\/\" \/>\n<meta property=\"og:locale\" content=\"pt_BR\" \/>\n<meta property=\"og:type\" content=\"article\" \/>\n<meta property=\"og:title\" content=\"Seguradora L\u00edder reduz o Seguro DPVAT | Revista Insurance Corp | PT-BR\" \/>\n<meta property=\"og:description\" content=\"A Seguradora L\u00edder, por meio da amplia\u00e7\u00e3o do conhecimento e esclarecimento sobre o acesso ao Seguro DPVAT, tem somado esfor\u00e7os a fim de reduzir a judicializa\u00e7\u00e3o do processo de pagamento de indeniza\u00e7\u00f5es \u00e0s v\u00edtimas de acidentes de tr\u00e2nsito. Os resultados podem ser vistos em n\u00fameros. Nos \u00faltimos quatro anos, o estoque total de a\u00e7\u00f5es judiciais [&hellip;]\" \/>\n<meta property=\"og:url\" content=\"https:\/\/insurancecorp.com.br\/pt\/2019\/09\/12\/seguradora-lider-reduz-o-seguro-dpvat\/\" \/>\n<meta property=\"og:site_name\" content=\"Revista Insurance Corp | PT-BR\" \/>\n<meta property=\"article:publisher\" content=\"https:\/\/www.facebook.com\/RevistaInsuranceCorp\/\" \/>\n<meta property=\"article:published_time\" content=\"2019-09-12T17:26:07+00:00\" \/>\n<meta property=\"og:image\" content=\"https:\/\/insurancecorp.com.br\/pt\/wp-content\/uploads\/2019\/09\/Expo-ABGR-2019-1.jpg\" \/>\n\t<meta property=\"og:image:width\" content=\"277\" \/>\n\t<meta property=\"og:image:height\" content=\"182\" \/>\n<meta name=\"twitter:card\" content=\"summary\" \/>\n<script type=\"application\/ld+json\" class=\"yoast-schema-graph\">{\"@context\":\"https:\/\/schema.org\",\"@graph\":[{\"@type\":\"Organization\",\"@id\":\"https:\/\/insurancecorp.com.br\/pt\/#organization\",\"name\":\"Revista Insurance Corp\",\"url\":\"https:\/\/insurancecorp.com.br\/pt\/\",\"sameAs\":[\"https:\/\/www.facebook.com\/RevistaInsuranceCorp\/\"],\"logo\":{\"@type\":\"ImageObject\",\"@id\":\"https:\/\/insurancecorp.com.br\/pt\/#logo\",\"inLanguage\":\"pt-BR\",\"url\":\"\",\"caption\":\"Revista Insurance Corp\"},\"image\":{\"@id\":\"https:\/\/insurancecorp.com.br\/pt\/#logo\"}},{\"@type\":\"WebSite\",\"@id\":\"https:\/\/insurancecorp.com.br\/pt\/#website\",\"url\":\"https:\/\/insurancecorp.com.br\/pt\/\",\"name\":\"Revista Insurance Corp | PT-BR\",\"description\":\"A \\u00fanica revista bil\\u00edngue voltada ao mercado de seguro.\",\"publisher\":{\"@id\":\"https:\/\/insurancecorp.com.br\/pt\/#organization\"},\"potentialAction\":[{\"@type\":\"SearchAction\",\"target\":\"https:\/\/insurancecorp.com.br\/pt\/?s={search_term_string}\",\"query-input\":\"required name=search_term_string\"}],\"inLanguage\":\"pt-BR\"},{\"@type\":\"ImageObject\",\"@id\":\"https:\/\/insurancecorp.com.br\/pt\/2019\/09\/12\/seguradora-lider-reduz-o-seguro-dpvat\/#primaryimage\",\"inLanguage\":\"pt-BR\",\"url\":\"https:\/\/insurancecorp.com.br\/pt\/wp-content\/uploads\/2019\/09\/Expo-ABGR-2019-1.jpg\",\"width\":277,\"height\":182},{\"@type\":\"WebPage\",\"@id\":\"https:\/\/insurancecorp.com.br\/pt\/2019\/09\/12\/seguradora-lider-reduz-o-seguro-dpvat\/#webpage\",\"url\":\"https:\/\/insurancecorp.com.br\/pt\/2019\/09\/12\/seguradora-lider-reduz-o-seguro-dpvat\/\",\"name\":\"Seguradora L\\u00edder reduz o Seguro DPVAT | Revista Insurance Corp | PT-BR\",\"isPartOf\":{\"@id\":\"https:\/\/insurancecorp.com.br\/pt\/#website\"},\"primaryImageOfPage\":{\"@id\":\"https:\/\/insurancecorp.com.br\/pt\/2019\/09\/12\/seguradora-lider-reduz-o-seguro-dpvat\/#primaryimage\"},\"datePublished\":\"2019-09-12T17:26:07+00:00\",\"dateModified\":\"2019-09-12T17:26:07+00:00\",\"inLanguage\":\"pt-BR\",\"potentialAction\":[{\"@type\":\"ReadAction\",\"target\":[\"https:\/\/insurancecorp.com.br\/pt\/2019\/09\/12\/seguradora-lider-reduz-o-seguro-dpvat\/\"]}]},{\"@type\":\"Article\",\"@id\":\"https:\/\/insurancecorp.com.br\/pt\/2019\/09\/12\/seguradora-lider-reduz-o-seguro-dpvat\/#article\",\"isPartOf\":{\"@id\":\"https:\/\/insurancecorp.com.br\/pt\/2019\/09\/12\/seguradora-lider-reduz-o-seguro-dpvat\/#webpage\"},\"author\":{\"@id\":\"https:\/\/insurancecorp.com.br\/pt\/#\/schema\/person\/1b69c8cf325f0b7167f1b171f52df4af\"},\"headline\":\"Seguradora L\\u00edder reduz o Seguro DPVAT\",\"datePublished\":\"2019-09-12T17:26:07+00:00\",\"dateModified\":\"2019-09-12T17:26:07+00:00\",\"mainEntityOfPage\":{\"@id\":\"https:\/\/insurancecorp.com.br\/pt\/2019\/09\/12\/seguradora-lider-reduz-o-seguro-dpvat\/#webpage\"},\"commentCount\":0,\"publisher\":{\"@id\":\"https:\/\/insurancecorp.com.br\/pt\/#organization\"},\"image\":{\"@id\":\"https:\/\/insurancecorp.com.br\/pt\/2019\/09\/12\/seguradora-lider-reduz-o-seguro-dpvat\/#primaryimage\"},\"articleSection\":\"L\\u00edder\",\"inLanguage\":\"pt-BR\",\"potentialAction\":[{\"@type\":\"CommentAction\",\"name\":\"Comment\",\"target\":[\"https:\/\/insurancecorp.com.br\/pt\/2019\/09\/12\/seguradora-lider-reduz-o-seguro-dpvat\/#respond\"]}]},{\"@type\":\"Person\",\"@id\":\"https:\/\/insurancecorp.com.br\/pt\/#\/schema\/person\/1b69c8cf325f0b7167f1b171f52df4af\",\"name\":\"Publica\\u00e7\\u00e3o\",\"image\":{\"@type\":\"ImageObject\",\"@id\":\"https:\/\/insurancecorp.com.br\/pt\/#personlogo\",\"inLanguage\":\"pt-BR\",\"url\":\"https:\/\/secure.gravatar.com\/avatar\/17226f1f60486eb25d4c6b301ffed37f?s=96&d=mm&r=g\",\"caption\":\"Publica\\u00e7\\u00e3o\"}}]}<\/script>\n<!-- \/ Yoast SEO plugin. -->","_links":{"self":[{"href":"https:\/\/insurancecorp.com.br\/pt\/wp-json\/wp\/v2\/posts\/11080"}],"collection":[{"href":"https:\/\/insurancecorp.com.br\/pt\/wp-json\/wp\/v2\/posts"}],"about":[{"href":"https:\/\/insurancecorp.com.br\/pt\/wp-json\/wp\/v2\/types\/post"}],"author":[{"embeddable":true,"href":"https:\/\/insurancecorp.com.br\/pt\/wp-json\/wp\/v2\/users\/2"}],"replies":[{"embeddable":true,"href":"https:\/\/insurancecorp.com.br\/pt\/wp-json\/wp\/v2\/comments?post=11080"}],"version-history":[{"count":1,"href":"https:\/\/insurancecorp.com.br\/pt\/wp-json\/wp\/v2\/posts\/11080\/revisions"}],"predecessor-version":[{"id":11082,"href":"https:\/\/insurancecorp.com.br\/pt\/wp-json\/wp\/v2\/posts\/11080\/revisions\/11082"}],"wp:featuredmedia":[{"embeddable":true,"href":"https:\/\/insurancecorp.com.br\/pt\/wp-json\/wp\/v2\/media\/11081"}],"wp:attachment":[{"href":"https:\/\/insurancecorp.com.br\/pt\/wp-json\/wp\/v2\/media?parent=11080"}],"wp:term":[{"taxonomy":"category","embeddable":true,"href":"https:\/\/insurancecorp.com.br\/pt\/wp-json\/wp\/v2\/categories?post=11080"},{"taxonomy":"post_tag","embeddable":true,"href":"https:\/\/insurancecorp.com.br\/pt\/wp-json\/wp\/v2\/tags?post=11080"}],"curies":[{"name":"wp","href":"https:\/\/api.w.org\/{rel}","templated":true}]}}