{"id":10956,"date":"2019-09-06T17:05:39","date_gmt":"2019-09-06T20:05:39","guid":{"rendered":"https:\/\/insurancecorp.com.br\/pt\/?p=10956"},"modified":"2019-09-06T17:05:39","modified_gmt":"2019-09-06T20:05:39","slug":"reforma-da-previdencia-e-seguro-intermitente-abrem-perspectivas","status":"publish","type":"post","link":"https:\/\/insurancecorp.com.br\/pt\/2019\/09\/06\/reforma-da-previdencia-e-seguro-intermitente-abrem-perspectivas\/","title":{"rendered":"Reforma da Previd\u00eancia e seguro intermitente abrem perspectivas"},"content":{"rendered":"<p>O mercado brasileiro de seguros abre uma nova fronteira com duas grandes novidades: a reforma da Previd\u00eancia e a regulamenta\u00e7\u00e3o dos seguros intermitentes e por prazo definido.\u00a0 Os dois temas fecharam os debates da CONSEGURO 2019, o congresso bianual do mercado de seguros, realizado pela Confedera\u00e7\u00e3o Nacional das Seguradores (CNseg), em Bras\u00edlia.<\/p>\n<p>Com o aumento da expectativa de vida, o envelhecimento da popula\u00e7\u00e3o e o Estado assumindo papel secund\u00e1rio no amparo e prote\u00e7\u00e3o de parcela da sociedade, o h\u00e1bito de poupar precisar\u00e1 ser incorporado \u00e0 rotina de toda a popula\u00e7\u00e3o nas pr\u00f3ximas d\u00e9cadas. A educa\u00e7\u00e3o financeira ser\u00e1 um gatilho para preparar as diversas gera\u00e7\u00f5es para a constru\u00e7\u00e3o de um futuro mais seguro. Com a necessidade de planejamento, a ades\u00e3o aos planos de previd\u00eancia deve ganhar ainda mais destaque ap\u00f3s a conclus\u00e3o reforma constitucional, em tramita\u00e7\u00e3o no Congresso. As mudan\u00e7as aumentar\u00e3o o tempo para que trabalhadores cumpram exig\u00eancias como idade m\u00ednima e tempo de contribui\u00e7\u00e3o.<\/p>\n<p>O professor do Insper, Naercio Menezes Filho, mostrou como a evolu\u00e7\u00e3o da expectativa de vida, as falhas da educa\u00e7\u00e3o no Brasil, e a estagna\u00e7\u00e3o na produtividade, empurram cada vez mais jovens para o mercado informal ou aquele trabalho \u201cpor conta pr\u00f3pria\u201d, reduzindo uma fonte de receita importante para a Previd\u00eancia Social.\u00a0\u00a0\u201cApesar de os gastos por aluno do ensino fundamental terem triplicado entre 2000 e 2014, n\u00e3o houve efeito no aumento da produtividade, que est\u00e1 estagnada h\u00e1 tr\u00eas d\u00e9cadas\u201d, lembrou o professor.<\/p>\n<p>A estagna\u00e7\u00e3o da produtividade brasileira, comprometida pela falta de qualidade do ensino, pode representar uma amea\u00e7a ao desafio de custear as despesas quando na chegada da terceira idade. De acordo com o secret\u00e1rio de Pol\u00edticas de Previd\u00eancia Social do Minist\u00e9rio da Economia, Leonardo Rolim, a educa\u00e7\u00e3o \u00e9 estrat\u00e9gica para garantir melhoras reais do Pa\u00eds, um mercado de trabalho mais saud\u00e1vel e um sistema de previd\u00eancia social mais equilibrado. Segundo ele, a reforma da Previd\u00eancia tornou-se priorit\u00e1ria porque o pa\u00eds caminha para estar entre as dez na\u00e7\u00f5es mais envelhecidas at\u00e9 o fim do s\u00e9culo, e as despesas hoje j\u00e1 equivalem \u00e0 de pa\u00edses maduros.<\/p>\n<p>\u201cO Brasil convive com uma r\u00e1pida transi\u00e7\u00e3o demogr\u00e1fica. Antes, era um dos pa\u00edses mais jovens do mundo. Agora, mudou sua trajet\u00f3ria e estar\u00e1 entre os 10 pa\u00edses mais envelhecidos. E, ao contr\u00e1rio da Europa, n\u00f3s n\u00e3o estamos enriquecendo antes de envelhecer. Ent\u00e3o teremos de ficar ricos ap\u00f3s envelhecer, o que \u00e9 desafio mais complexo\u201d, explicou Rolim.<\/p>\n<p>O presidente da Federa\u00e7\u00e3o Nacional de Previd\u00eancia Privada (FenaPrevi), Jorge Nasser, apontou os planos de previd\u00eancia entre as solu\u00e7\u00f5es para atenuar os riscos de um envelhecimento sem qualidade de vida. Segundo ele, \u00e9 preciso desmistificar a ideia de que o Estado ter\u00e1 condi\u00e7\u00f5es de arcar com o pagamento de vinte sal\u00e1rios m\u00ednimos, quando elas se aposentarem pelo regime geral.<\/p>\n<p>J\u00e1 o presidente da Federa\u00e7\u00e3o Nacional de Capitaliza\u00e7\u00e3o (FenaCap), Marcelo Farinha, ponderou que, apesar de necess\u00e1rio, \u201cos trabalhadores n\u00e3o poder\u00e3o poupar todos os excedentes para a aposentadoria e, na realiza\u00e7\u00e3o de sonhos, poder\u00e3o comprar t\u00edtulos de capitaliza\u00e7\u00e3o, de acordo com seus objetivos\u201d.<\/p>\n<p><strong>Seguro intermitente inaugura nova fase de rela\u00e7\u00f5es de consumo no Pa\u00eds <\/strong><\/p>\n<p>Depois que a Superintend\u00eancia de Seguros Privados (Susep) regulamentou, na semana passada, a comercializa\u00e7\u00e3o de seguros com vig\u00eancia reduzida de contrato e per\u00edodo intermitente, foi dada a largada para uma corrida que pode mudar as rela\u00e7\u00f5es de consumo no Brasil. \u201cNo momento, o p\u00f3dio est\u00e1 completamente vazio. Esse mercado ainda \u00e9 um beb\u00ea. Algu\u00e9m vai vencer essa corrida e ningu\u00e9m sabe quem \u00e9. Talvez alguns vencedores estejam nessa sala\u201d, disse o executivo e membro do Comit\u00ea LATAM do Society of Actuaries (SOA), Ronald Poon-Affat, para a plateia da CONSEGRO 2019.<\/p>\n<p>Foi com irrever\u00eancia e otimismo que Poon-Affat falou sobre desafios no Brasil e tend\u00eancias no setor de seguros em pa\u00edses desenvolvidos, principalmente nos Estados Unidos. No tel\u00e3o, ele exibiu a foto de um chocolate e de um br\u00f3colis. Em seguida, concluiu: \u201c\u00c9 mais f\u00e1cil vender chocolate. E seguros n\u00e3o \u00e9 chocolate\u201d.\u00a0 Para os futuros agentes e operadores de seguros intermitentes ficou a li\u00e7\u00e3o de que a criatividade ir\u00e1 nortear o caminho de sucesso nesse novo ramo.<\/p>\n<p><strong>CDN Comunica\u00e7\u00e3o<\/strong><\/p>\n<p>&nbsp;<\/p>\n<p>Poon-Affat deu exemplos de produtos inovadores que movimentam o mercado norte-americano. A seguradora digital Lemonade (estilo turn on\/ turn off), por exemplo, arrecada cerca de U$ 18 milh\u00f5es a cada trimestre. A empresa \u00e9 acionada para cobrir temporariamente casas alugadas pelo Airbnb. Segundo ele, esse tipo de produto tem sucesso quando os n\u00fameros s\u00e3o grandes. \u201cO Brasil tem esses n\u00fameros\u201d, disse o executivo ao mostrar um gr\u00e1fico do ecommerce brasileiro, em que o pa\u00eds aparece acima da m\u00e9dia mundial.<\/p>\n<p>&nbsp;<\/p>\n<p>Sobre o caminho a ser percorrido pelas empresas nessa nova fase, o superintendente Atuarial da Mitsui Sumitomo Seguros, Gustavo Genovez, destacou a flexibilidade que a regulamenta\u00e7\u00e3o da Susep permitiu ao setor e que, agora, h\u00e1 uma preocupa\u00e7\u00e3o para manter a atratividade do que j\u00e1 existe no mercado de seguros. \u201cEstamos vivendo em um universo com tecnologia avan\u00e7ada e facilidades em nossas vidas, al\u00e9m de mudan\u00e7as sens\u00edveis no comportamento de consumo\u201d, afirmou em sua fala, que tamb\u00e9m abordou os riscos de fraude nas novas opera\u00e7\u00f5es intermitentes e uso de intelig\u00eancia artificial.<\/p>\n<p>&nbsp;<\/p>\n<p>Marcos Spieguel, presidente da Comiss\u00e3o Atuarial da Confedera\u00e7\u00e3o Nacional de Seguradoras (CNSeg) e moderador do painel, frisou que o desafio \u00e9 grande e que o setor n\u00e3o pode ter medo de errar. \u201cProcesso de lan\u00e7amento de produtos vai ser um desafio para todos n\u00f3s. Vai ser preciso agilidade. Brigamos tanto por normas que nos dessem essa flexibilidade, ent\u00e3o agora temos que responder ao regulador o consumidor de forma r\u00e1pida\u201d, concluiu.<\/p>\n<p>&nbsp;<\/p>\n","protected":false},"excerpt":{"rendered":"<p>O mercado brasileiro de seguros abre uma nova fronteira com duas grandes novidades: a reforma da Previd\u00eancia e a regulamenta\u00e7\u00e3o dos seguros intermitentes e por prazo definido.\u00a0 Os dois temas fecharam os debates da CONSEGURO 2019, o congresso bianual do mercado de seguros, realizado pela Confedera\u00e7\u00e3o Nacional das Seguradores (CNseg), em Bras\u00edlia. Com o aumento [&hellip;]<\/p>\n","protected":false},"author":2,"featured_media":10957,"comment_status":"open","ping_status":"open","sticky":false,"template":"","format":"standard","meta":[],"categories":[287],"tags":[],"jetpack_featured_media_url":"https:\/\/insurancecorp.com.br\/pt\/wp-content\/uploads\/2019\/09\/Rafael-Turra-6.jpg","yoast_head":"<!-- This site is optimized with the Yoast SEO plugin v14.8 - https:\/\/yoast.com\/wordpress\/plugins\/seo\/ -->\n<title>Reforma da Previd\u00eancia e seguro intermitente abrem perspectivas | Revista Insurance Corp | PT-BR<\/title>\n<meta name=\"robots\" content=\"index, follow\" \/>\n<meta name=\"googlebot\" content=\"index, follow, max-snippet:-1, max-image-preview:large, max-video-preview:-1\" \/>\n<meta name=\"bingbot\" content=\"index, follow, max-snippet:-1, max-image-preview:large, max-video-preview:-1\" \/>\n<link rel=\"canonical\" href=\"https:\/\/insurancecorp.com.br\/pt\/2019\/09\/06\/reforma-da-previdencia-e-seguro-intermitente-abrem-perspectivas\/\" \/>\n<meta property=\"og:locale\" content=\"pt_BR\" \/>\n<meta property=\"og:type\" content=\"article\" \/>\n<meta property=\"og:title\" content=\"Reforma da Previd\u00eancia e seguro intermitente abrem perspectivas | Revista Insurance Corp | PT-BR\" \/>\n<meta property=\"og:description\" content=\"O mercado brasileiro de seguros abre uma nova fronteira com duas grandes novidades: a reforma da Previd\u00eancia e a regulamenta\u00e7\u00e3o dos seguros intermitentes e por prazo definido.\u00a0 Os dois temas fecharam os debates da CONSEGURO 2019, o congresso bianual do mercado de seguros, realizado pela Confedera\u00e7\u00e3o Nacional das Seguradores (CNseg), em Bras\u00edlia. Com o aumento [&hellip;]\" \/>\n<meta property=\"og:url\" content=\"https:\/\/insurancecorp.com.br\/pt\/2019\/09\/06\/reforma-da-previdencia-e-seguro-intermitente-abrem-perspectivas\/\" \/>\n<meta property=\"og:site_name\" content=\"Revista Insurance Corp | PT-BR\" \/>\n<meta property=\"article:publisher\" content=\"https:\/\/www.facebook.com\/RevistaInsuranceCorp\/\" \/>\n<meta property=\"article:published_time\" content=\"2019-09-06T20:05:39+00:00\" \/>\n<meta property=\"og:image\" content=\"https:\/\/insurancecorp.com.br\/pt\/wp-content\/uploads\/2019\/09\/Rafael-Turra-6.jpg\" \/>\n\t<meta property=\"og:image:width\" content=\"1280\" \/>\n\t<meta property=\"og:image:height\" content=\"853\" \/>\n<meta name=\"twitter:card\" content=\"summary\" \/>\n<script type=\"application\/ld+json\" class=\"yoast-schema-graph\">{\"@context\":\"https:\/\/schema.org\",\"@graph\":[{\"@type\":\"Organization\",\"@id\":\"https:\/\/insurancecorp.com.br\/pt\/#organization\",\"name\":\"Revista Insurance Corp\",\"url\":\"https:\/\/insurancecorp.com.br\/pt\/\",\"sameAs\":[\"https:\/\/www.facebook.com\/RevistaInsuranceCorp\/\"],\"logo\":{\"@type\":\"ImageObject\",\"@id\":\"https:\/\/insurancecorp.com.br\/pt\/#logo\",\"inLanguage\":\"pt-BR\",\"url\":\"\",\"caption\":\"Revista Insurance Corp\"},\"image\":{\"@id\":\"https:\/\/insurancecorp.com.br\/pt\/#logo\"}},{\"@type\":\"WebSite\",\"@id\":\"https:\/\/insurancecorp.com.br\/pt\/#website\",\"url\":\"https:\/\/insurancecorp.com.br\/pt\/\",\"name\":\"Revista Insurance Corp | PT-BR\",\"description\":\"A \\u00fanica revista bil\\u00edngue voltada ao mercado de seguro.\",\"publisher\":{\"@id\":\"https:\/\/insurancecorp.com.br\/pt\/#organization\"},\"potentialAction\":[{\"@type\":\"SearchAction\",\"target\":\"https:\/\/insurancecorp.com.br\/pt\/?s={search_term_string}\",\"query-input\":\"required name=search_term_string\"}],\"inLanguage\":\"pt-BR\"},{\"@type\":\"ImageObject\",\"@id\":\"https:\/\/insurancecorp.com.br\/pt\/2019\/09\/06\/reforma-da-previdencia-e-seguro-intermitente-abrem-perspectivas\/#primaryimage\",\"inLanguage\":\"pt-BR\",\"url\":\"https:\/\/insurancecorp.com.br\/pt\/wp-content\/uploads\/2019\/09\/Rafael-Turra-6.jpg\",\"width\":1280,\"height\":853},{\"@type\":\"WebPage\",\"@id\":\"https:\/\/insurancecorp.com.br\/pt\/2019\/09\/06\/reforma-da-previdencia-e-seguro-intermitente-abrem-perspectivas\/#webpage\",\"url\":\"https:\/\/insurancecorp.com.br\/pt\/2019\/09\/06\/reforma-da-previdencia-e-seguro-intermitente-abrem-perspectivas\/\",\"name\":\"Reforma da Previd\\u00eancia e seguro intermitente abrem perspectivas | Revista Insurance Corp | PT-BR\",\"isPartOf\":{\"@id\":\"https:\/\/insurancecorp.com.br\/pt\/#website\"},\"primaryImageOfPage\":{\"@id\":\"https:\/\/insurancecorp.com.br\/pt\/2019\/09\/06\/reforma-da-previdencia-e-seguro-intermitente-abrem-perspectivas\/#primaryimage\"},\"datePublished\":\"2019-09-06T20:05:39+00:00\",\"dateModified\":\"2019-09-06T20:05:39+00:00\",\"inLanguage\":\"pt-BR\",\"potentialAction\":[{\"@type\":\"ReadAction\",\"target\":[\"https:\/\/insurancecorp.com.br\/pt\/2019\/09\/06\/reforma-da-previdencia-e-seguro-intermitente-abrem-perspectivas\/\"]}]},{\"@type\":\"Article\",\"@id\":\"https:\/\/insurancecorp.com.br\/pt\/2019\/09\/06\/reforma-da-previdencia-e-seguro-intermitente-abrem-perspectivas\/#article\",\"isPartOf\":{\"@id\":\"https:\/\/insurancecorp.com.br\/pt\/2019\/09\/06\/reforma-da-previdencia-e-seguro-intermitente-abrem-perspectivas\/#webpage\"},\"author\":{\"@id\":\"https:\/\/insurancecorp.com.br\/pt\/#\/schema\/person\/1b69c8cf325f0b7167f1b171f52df4af\"},\"headline\":\"Reforma da Previd\\u00eancia e seguro intermitente abrem perspectivas\",\"datePublished\":\"2019-09-06T20:05:39+00:00\",\"dateModified\":\"2019-09-06T20:05:39+00:00\",\"mainEntityOfPage\":{\"@id\":\"https:\/\/insurancecorp.com.br\/pt\/2019\/09\/06\/reforma-da-previdencia-e-seguro-intermitente-abrem-perspectivas\/#webpage\"},\"commentCount\":0,\"publisher\":{\"@id\":\"https:\/\/insurancecorp.com.br\/pt\/#organization\"},\"image\":{\"@id\":\"https:\/\/insurancecorp.com.br\/pt\/2019\/09\/06\/reforma-da-previdencia-e-seguro-intermitente-abrem-perspectivas\/#primaryimage\"},\"articleSection\":\"CONSEGURO 2019\",\"inLanguage\":\"pt-BR\",\"potentialAction\":[{\"@type\":\"CommentAction\",\"name\":\"Comment\",\"target\":[\"https:\/\/insurancecorp.com.br\/pt\/2019\/09\/06\/reforma-da-previdencia-e-seguro-intermitente-abrem-perspectivas\/#respond\"]}]},{\"@type\":\"Person\",\"@id\":\"https:\/\/insurancecorp.com.br\/pt\/#\/schema\/person\/1b69c8cf325f0b7167f1b171f52df4af\",\"name\":\"Publica\\u00e7\\u00e3o\",\"image\":{\"@type\":\"ImageObject\",\"@id\":\"https:\/\/insurancecorp.com.br\/pt\/#personlogo\",\"inLanguage\":\"pt-BR\",\"url\":\"https:\/\/secure.gravatar.com\/avatar\/17226f1f60486eb25d4c6b301ffed37f?s=96&d=mm&r=g\",\"caption\":\"Publica\\u00e7\\u00e3o\"}}]}<\/script>\n<!-- \/ Yoast SEO plugin. -->","_links":{"self":[{"href":"https:\/\/insurancecorp.com.br\/pt\/wp-json\/wp\/v2\/posts\/10956"}],"collection":[{"href":"https:\/\/insurancecorp.com.br\/pt\/wp-json\/wp\/v2\/posts"}],"about":[{"href":"https:\/\/insurancecorp.com.br\/pt\/wp-json\/wp\/v2\/types\/post"}],"author":[{"embeddable":true,"href":"https:\/\/insurancecorp.com.br\/pt\/wp-json\/wp\/v2\/users\/2"}],"replies":[{"embeddable":true,"href":"https:\/\/insurancecorp.com.br\/pt\/wp-json\/wp\/v2\/comments?post=10956"}],"version-history":[{"count":1,"href":"https:\/\/insurancecorp.com.br\/pt\/wp-json\/wp\/v2\/posts\/10956\/revisions"}],"predecessor-version":[{"id":10958,"href":"https:\/\/insurancecorp.com.br\/pt\/wp-json\/wp\/v2\/posts\/10956\/revisions\/10958"}],"wp:featuredmedia":[{"embeddable":true,"href":"https:\/\/insurancecorp.com.br\/pt\/wp-json\/wp\/v2\/media\/10957"}],"wp:attachment":[{"href":"https:\/\/insurancecorp.com.br\/pt\/wp-json\/wp\/v2\/media?parent=10956"}],"wp:term":[{"taxonomy":"category","embeddable":true,"href":"https:\/\/insurancecorp.com.br\/pt\/wp-json\/wp\/v2\/categories?post=10956"},{"taxonomy":"post_tag","embeddable":true,"href":"https:\/\/insurancecorp.com.br\/pt\/wp-json\/wp\/v2\/tags?post=10956"}],"curies":[{"name":"wp","href":"https:\/\/api.w.org\/{rel}","templated":true}]}}