{"id":10947,"date":"2019-09-06T16:53:54","date_gmt":"2019-09-06T19:53:54","guid":{"rendered":"https:\/\/insurancecorp.com.br\/pt\/?p=10947"},"modified":"2019-09-06T16:59:15","modified_gmt":"2019-09-06T19:59:15","slug":"o","status":"publish","type":"post","link":"https:\/\/insurancecorp.com.br\/pt\/2019\/09\/06\/o\/","title":{"rendered":"FenaSa\u00fade aprimora a legisla\u00e7\u00e3o sobre sa\u00fade"},"content":{"rendered":"<p>Jo\u00e3o Alceu Amoroso Lima, presidente da Federa\u00e7\u00e3o Nacional de Sa\u00fade Suplementar (FenaSa\u00fade), participou da CONSEGURO 2019 nesta quarta-feira, 4 de setembro. O congresso, que acontece a cada dois anos, \u00e9 o mais importante do mercado de seguros e foi realizado pela Confedera\u00e7\u00e3o Nacional das Seguradores (CNseg), em Bras\u00edlia.<\/p>\n<p>Amoroso Lima destacou a relev\u00e2ncia das operadoras de planos privados de assist\u00eancia \u00e0 sa\u00fade na manuten\u00e7\u00e3o do sistema, que atualmente enfrenta, no Brasil e em v\u00e1rios outros pa\u00edses, o desafio da sustentabilidade. O descompasso entre os custos crescentes e as limita\u00e7\u00f5es de or\u00e7amento e renda (agravadas pela recess\u00e3o e o desemprego no Pa\u00eds) vem crescendo nos \u00faltimos anos e tem como principais causas os impactos relacionados \u00e0s novas tecnologias e \u00e0s mudan\u00e7as dos perfis epidemiol\u00f3gico e et\u00e1rio da popula\u00e7\u00e3o. Quest\u00f5es relacionadas \u00e0 judicializa\u00e7\u00e3o, \u00e0s fraudes, aos desperd\u00edcios e \u00e0s inefici\u00eancias tornam a situa\u00e7\u00e3o ainda mais desafiadora.<\/p>\n<p>Para reverter o cen\u00e1rio, Amoroso Lima defendeu a amplia\u00e7\u00e3o das op\u00e7\u00f5es de cobertura dos planos de sa\u00fade como forma de oferecer mais acesso \u00e0 popula\u00e7\u00e3o a servi\u00e7os de qualidade e garantir, ao mesmo tempo, a sustentabilidade do setor. Segundo o presidente da FenaSa\u00fade, a segmenta\u00e7\u00e3o da oferta, de maneira a adequar os pre\u00e7os dos planos a diferentes perfis de usu\u00e1rios, \u00e9 uma estrat\u00e9gia que se mostrou eficiente em outros pa\u00edses. \u201cChegou o momento de rever a legisla\u00e7\u00e3o que vigora no Pa\u00eds h\u00e1 20 aos e buscar novas solu\u00e7\u00f5es para enfrentar os desafios\u201d, afirmou.<\/p>\n<p>A cria\u00e7\u00e3o de incentivos \u00e0 aten\u00e7\u00e3o prim\u00e1ria, com investimentos na preven\u00e7\u00e3o de doen\u00e7as, e o combate a fraudes e desperd\u00edcios, que causam o crescimento de despesas do sistema de sa\u00fade, tamb\u00e9m foram destacadas. O fortalecimento da Ag\u00eancia Nacional de Sa\u00fade Suplementar (ANS) tamb\u00e9m foi apontado como parte importante para o setor. \u201cPrecisamos que a Ag\u00eancia atue para oferecer mais estabilidade e seguran\u00e7a jur\u00eddica a todos os agentes do sistema\u201d, explicou. Segundo Amoroso Lima, essas medidas t\u00eam como objetivo a redu\u00e7\u00e3o dos pre\u00e7os finais dos planos, o aumento nas op\u00e7\u00f5es de acesso e a melhoria na qualidade no atendimento \u00e0 popula\u00e7\u00e3o.<\/p>\n<p><strong>KUBIX :: Estrate?gia &amp; Comunicac?a?o<\/strong><\/p>\n<p>&nbsp;<\/p>\n","protected":false},"excerpt":{"rendered":"<p>Jo\u00e3o Alceu Amoroso Lima, presidente da Federa\u00e7\u00e3o Nacional de Sa\u00fade Suplementar (FenaSa\u00fade), participou da CONSEGURO 2019 nesta quarta-feira, 4 de setembro. O congresso, que acontece a cada dois anos, \u00e9 o mais importante do mercado de seguros e foi realizado pela Confedera\u00e7\u00e3o Nacional das Seguradores (CNseg), em Bras\u00edlia. Amoroso Lima destacou a relev\u00e2ncia das operadoras [&hellip;]<\/p>\n","protected":false},"author":2,"featured_media":10948,"comment_status":"open","ping_status":"open","sticky":false,"template":"","format":"standard","meta":[],"categories":[287],"tags":[],"jetpack_featured_media_url":"https:\/\/insurancecorp.com.br\/pt\/wp-content\/uploads\/2019\/09\/axa3.jpeg","yoast_head":"<!-- This site is optimized with the Yoast SEO plugin v14.8 - https:\/\/yoast.com\/wordpress\/plugins\/seo\/ -->\n<title>FenaSa\u00fade aprimora a legisla\u00e7\u00e3o sobre sa\u00fade | Revista Insurance Corp | PT-BR<\/title>\n<meta name=\"robots\" content=\"index, follow\" \/>\n<meta name=\"googlebot\" content=\"index, follow, max-snippet:-1, max-image-preview:large, max-video-preview:-1\" \/>\n<meta name=\"bingbot\" content=\"index, follow, max-snippet:-1, max-image-preview:large, max-video-preview:-1\" \/>\n<link rel=\"canonical\" href=\"https:\/\/insurancecorp.com.br\/pt\/2019\/09\/06\/o\/\" \/>\n<meta property=\"og:locale\" content=\"pt_BR\" \/>\n<meta property=\"og:type\" content=\"article\" \/>\n<meta property=\"og:title\" content=\"FenaSa\u00fade aprimora a legisla\u00e7\u00e3o sobre sa\u00fade | Revista Insurance Corp | PT-BR\" \/>\n<meta property=\"og:description\" content=\"Jo\u00e3o Alceu Amoroso Lima, presidente da Federa\u00e7\u00e3o Nacional de Sa\u00fade Suplementar (FenaSa\u00fade), participou da CONSEGURO 2019 nesta quarta-feira, 4 de setembro. O congresso, que acontece a cada dois anos, \u00e9 o mais importante do mercado de seguros e foi realizado pela Confedera\u00e7\u00e3o Nacional das Seguradores (CNseg), em Bras\u00edlia. Amoroso Lima destacou a relev\u00e2ncia das operadoras [&hellip;]\" \/>\n<meta property=\"og:url\" content=\"https:\/\/insurancecorp.com.br\/pt\/2019\/09\/06\/o\/\" \/>\n<meta property=\"og:site_name\" content=\"Revista Insurance Corp | PT-BR\" \/>\n<meta property=\"article:publisher\" content=\"https:\/\/www.facebook.com\/RevistaInsuranceCorp\/\" \/>\n<meta property=\"article:published_time\" content=\"2019-09-06T19:53:54+00:00\" \/>\n<meta property=\"article:modified_time\" content=\"2019-09-06T19:59:15+00:00\" \/>\n<meta property=\"og:image\" content=\"https:\/\/insurancecorp.com.br\/pt\/wp-content\/uploads\/2019\/09\/axa3.jpeg\" \/>\n\t<meta property=\"og:image:width\" content=\"913\" \/>\n\t<meta property=\"og:image:height\" content=\"655\" \/>\n<meta name=\"twitter:card\" content=\"summary\" \/>\n<script type=\"application\/ld+json\" class=\"yoast-schema-graph\">{\"@context\":\"https:\/\/schema.org\",\"@graph\":[{\"@type\":\"Organization\",\"@id\":\"https:\/\/insurancecorp.com.br\/pt\/#organization\",\"name\":\"Revista Insurance Corp\",\"url\":\"https:\/\/insurancecorp.com.br\/pt\/\",\"sameAs\":[\"https:\/\/www.facebook.com\/RevistaInsuranceCorp\/\"],\"logo\":{\"@type\":\"ImageObject\",\"@id\":\"https:\/\/insurancecorp.com.br\/pt\/#logo\",\"inLanguage\":\"pt-BR\",\"url\":\"\",\"caption\":\"Revista Insurance Corp\"},\"image\":{\"@id\":\"https:\/\/insurancecorp.com.br\/pt\/#logo\"}},{\"@type\":\"WebSite\",\"@id\":\"https:\/\/insurancecorp.com.br\/pt\/#website\",\"url\":\"https:\/\/insurancecorp.com.br\/pt\/\",\"name\":\"Revista Insurance Corp | PT-BR\",\"description\":\"A \\u00fanica revista bil\\u00edngue voltada ao mercado de seguro.\",\"publisher\":{\"@id\":\"https:\/\/insurancecorp.com.br\/pt\/#organization\"},\"potentialAction\":[{\"@type\":\"SearchAction\",\"target\":\"https:\/\/insurancecorp.com.br\/pt\/?s={search_term_string}\",\"query-input\":\"required name=search_term_string\"}],\"inLanguage\":\"pt-BR\"},{\"@type\":\"ImageObject\",\"@id\":\"https:\/\/insurancecorp.com.br\/pt\/2019\/09\/06\/o\/#primaryimage\",\"inLanguage\":\"pt-BR\",\"url\":\"https:\/\/insurancecorp.com.br\/pt\/wp-content\/uploads\/2019\/09\/axa3.jpeg\",\"width\":913,\"height\":655},{\"@type\":\"WebPage\",\"@id\":\"https:\/\/insurancecorp.com.br\/pt\/2019\/09\/06\/o\/#webpage\",\"url\":\"https:\/\/insurancecorp.com.br\/pt\/2019\/09\/06\/o\/\",\"name\":\"FenaSa\\u00fade aprimora a legisla\\u00e7\\u00e3o sobre sa\\u00fade | Revista Insurance Corp | PT-BR\",\"isPartOf\":{\"@id\":\"https:\/\/insurancecorp.com.br\/pt\/#website\"},\"primaryImageOfPage\":{\"@id\":\"https:\/\/insurancecorp.com.br\/pt\/2019\/09\/06\/o\/#primaryimage\"},\"datePublished\":\"2019-09-06T19:53:54+00:00\",\"dateModified\":\"2019-09-06T19:59:15+00:00\",\"inLanguage\":\"pt-BR\",\"potentialAction\":[{\"@type\":\"ReadAction\",\"target\":[\"https:\/\/insurancecorp.com.br\/pt\/2019\/09\/06\/o\/\"]}]},{\"@type\":\"Article\",\"@id\":\"https:\/\/insurancecorp.com.br\/pt\/2019\/09\/06\/o\/#article\",\"isPartOf\":{\"@id\":\"https:\/\/insurancecorp.com.br\/pt\/2019\/09\/06\/o\/#webpage\"},\"author\":{\"@id\":\"https:\/\/insurancecorp.com.br\/pt\/#\/schema\/person\/1b69c8cf325f0b7167f1b171f52df4af\"},\"headline\":\"FenaSa\\u00fade aprimora a legisla\\u00e7\\u00e3o sobre sa\\u00fade\",\"datePublished\":\"2019-09-06T19:53:54+00:00\",\"dateModified\":\"2019-09-06T19:59:15+00:00\",\"mainEntityOfPage\":{\"@id\":\"https:\/\/insurancecorp.com.br\/pt\/2019\/09\/06\/o\/#webpage\"},\"commentCount\":0,\"publisher\":{\"@id\":\"https:\/\/insurancecorp.com.br\/pt\/#organization\"},\"image\":{\"@id\":\"https:\/\/insurancecorp.com.br\/pt\/2019\/09\/06\/o\/#primaryimage\"},\"articleSection\":\"CONSEGURO 2019\",\"inLanguage\":\"pt-BR\",\"potentialAction\":[{\"@type\":\"CommentAction\",\"name\":\"Comment\",\"target\":[\"https:\/\/insurancecorp.com.br\/pt\/2019\/09\/06\/o\/#respond\"]}]},{\"@type\":\"Person\",\"@id\":\"https:\/\/insurancecorp.com.br\/pt\/#\/schema\/person\/1b69c8cf325f0b7167f1b171f52df4af\",\"name\":\"Publica\\u00e7\\u00e3o\",\"image\":{\"@type\":\"ImageObject\",\"@id\":\"https:\/\/insurancecorp.com.br\/pt\/#personlogo\",\"inLanguage\":\"pt-BR\",\"url\":\"https:\/\/secure.gravatar.com\/avatar\/17226f1f60486eb25d4c6b301ffed37f?s=96&d=mm&r=g\",\"caption\":\"Publica\\u00e7\\u00e3o\"}}]}<\/script>\n<!-- \/ Yoast SEO plugin. -->","_links":{"self":[{"href":"https:\/\/insurancecorp.com.br\/pt\/wp-json\/wp\/v2\/posts\/10947"}],"collection":[{"href":"https:\/\/insurancecorp.com.br\/pt\/wp-json\/wp\/v2\/posts"}],"about":[{"href":"https:\/\/insurancecorp.com.br\/pt\/wp-json\/wp\/v2\/types\/post"}],"author":[{"embeddable":true,"href":"https:\/\/insurancecorp.com.br\/pt\/wp-json\/wp\/v2\/users\/2"}],"replies":[{"embeddable":true,"href":"https:\/\/insurancecorp.com.br\/pt\/wp-json\/wp\/v2\/comments?post=10947"}],"version-history":[{"count":3,"href":"https:\/\/insurancecorp.com.br\/pt\/wp-json\/wp\/v2\/posts\/10947\/revisions"}],"predecessor-version":[{"id":10951,"href":"https:\/\/insurancecorp.com.br\/pt\/wp-json\/wp\/v2\/posts\/10947\/revisions\/10951"}],"wp:featuredmedia":[{"embeddable":true,"href":"https:\/\/insurancecorp.com.br\/pt\/wp-json\/wp\/v2\/media\/10948"}],"wp:attachment":[{"href":"https:\/\/insurancecorp.com.br\/pt\/wp-json\/wp\/v2\/media?parent=10947"}],"wp:term":[{"taxonomy":"category","embeddable":true,"href":"https:\/\/insurancecorp.com.br\/pt\/wp-json\/wp\/v2\/categories?post=10947"},{"taxonomy":"post_tag","embeddable":true,"href":"https:\/\/insurancecorp.com.br\/pt\/wp-json\/wp\/v2\/tags?post=10947"}],"curies":[{"name":"wp","href":"https:\/\/api.w.org\/{rel}","templated":true}]}}