{"id":10837,"date":"2019-09-05T16:30:23","date_gmt":"2019-09-05T19:30:23","guid":{"rendered":"https:\/\/insurancecorp.com.br\/pt\/?p=10837"},"modified":"2019-09-05T16:30:23","modified_gmt":"2019-09-05T19:30:23","slug":"conseguro-brasil-e-destaque-sobre-sustentabilidade-em-seguros","status":"publish","type":"post","link":"https:\/\/insurancecorp.com.br\/pt\/2019\/09\/05\/conseguro-brasil-e-destaque-sobre-sustentabilidade-em-seguros\/","title":{"rendered":"Conseguro Brasil \u00e9 destaque sobre Sustentabilidade em Seguros"},"content":{"rendered":"<p>Inc\u00eandios florestais, polui\u00e7\u00e3o nos mares, estiagem, enchentes, doen\u00e7as provocadas por tabagismo e at\u00e9 a resist\u00eancia a antibi\u00f3ticos, que pode se tornar a principal causa de mortes em 2050. S\u00e3o muitos os fatores que colocam em risco a sa\u00fade e a economia das na\u00e7\u00f5es ao redor do mundo. Atento a esse cen\u00e1rio, o setor de seguros no Brasil se destaca globalmente dentro dos Princ\u00edpios para Sustentabilidade em Seguros (PSI, sigla em ingl\u00eas), Iniciativa Financeira do Programa das Na\u00e7\u00f5es Unidas para o Meio Ambiente. O tema foi destaque do painel \u201cO seguro em um cen\u00e1rio de imprevisibilidade\u201d da 1\u00aa Confer\u00eancia de Sustentabilidade e Diversidade da CONSEGURO 2019, o congresso bianual do mercado de seguros, realizado pela Confedera\u00e7\u00e3o Nacional das Seguradores (CNseg), em Bras\u00edlia (DF), at\u00e9 essa quinta-feira (05).<\/p>\n<p>\u201cA inciativa dos Princ\u00edpios para Sustentabilidade em Seguros, que no Brasil foi criada em 2012, est\u00e1 moldando a agenda global de sustentabilidade do setor\u201d, disse o l\u00edder do programa, Butch Bacani. Segundo ele, a quest\u00e3o da sustentabilidade \u00e9 importante n\u00e3o s\u00f3 para a ind\u00fastria, mas para os setores reguladores, governos e a pr\u00f3pria sociedade. Nesse contexto, os compromissos assumidos pelas seguradoras podem promover grandes mudan\u00e7as estruturais e trabalhar com o foco na avalia\u00e7\u00e3o dos riscos, reduzindo os preju\u00edzos causados pela m\u00e1 gest\u00e3o e pela falta de planejamento sobre os riscos futuros.<\/p>\n<p>Bacani falou sobre os cen\u00e1rios previstos para o meio ambiente, como a amea\u00e7a de eleva\u00e7\u00e3o da temperatura nos oceanos e suas implica\u00e7\u00f5es, sobre as atividades extrativistas e a situa\u00e7\u00e3o h\u00eddrica na Amaz\u00f4nia. Essa \u00faltima, em especial, foi objeto de um alerta feito no in\u00edcio dos trabalhos do PSI em 2012, quando analisou a estrutura das hidrel\u00e9tricas da regi\u00e3o e seus impactos socioambientais.<\/p>\n<p>O l\u00edder do PSI lembrou que o Brasil assumiu compromisso com a transpar\u00eancia do risco clim\u00e1tico ao tornar-se o primeiro mercado de seguros do mundo. Ele mencionou os avan\u00e7os nas tratativas com o setor brasileiro e falou sobre o <em>workshop<\/em> que ser\u00e1 realizado em pareceria com a CNSeg em outubro, em S\u00e3o Paulo, onde falar\u00e1 para o mercado sobre as boas pr\u00e1ticas no setor Sustentabilidade em Seguros.<\/p>\n<p>O painel que abordou a seguridade em um cen\u00e1rio de imprevisibilidade durante CONSEGURO 2019 tamb\u00e9m contou a participa\u00e7\u00e3o da integrante da Task Force on Climate-related Financial Disclosures (TCFD), Denise Pavarina. Ela mostrou pela primeira vez ao setor de seguros sobre as recomenda\u00e7\u00f5es objetivas e os riscos financeiros associados \u00e0s mudan\u00e7as clim\u00e1ticas. Segundo ela, o trabalho da Task Force \u00e9 fazer com que as seguradoras possam compreender o risco financeiro que as empresas correm por conta das mudan\u00e7as no clima e devido \u00e0 transi\u00e7\u00e3o mundial para uma economia de baixo carbono.<\/p>\n<p>\u201cNosso papel \u00e9 fazer essa dissemina\u00e7\u00e3o de dados para que as empresas adotem as recomenda\u00e7\u00f5es. At\u00e9 hoje 833 empresas j\u00e1 aderiram \u00e0s recomenda\u00e7\u00f5es. N\u00e3o existe uma meta objetiva, porque a gente quer o maior n\u00famero poss\u00edvel de ades\u00e3o das empresas. Por\u00e9m, a ideia \u00e9 que ao longo de cinco anos tenhamos um n\u00famero bem expressivo de companhias que tenham optado por essa nova pol\u00edtica\u201d, diz Denise.<\/p>\n<p>A diretora de Rela\u00e7\u00f5es de Consumo e Comunica\u00e7\u00e3o da CNSeg, Solange Beatriz Palheiro Mendes, informou que a Confedera\u00e7\u00e3o foi a primeira institui\u00e7\u00e3o fundadora\/apoiadora dentro do setor a aderir ao PSI, o que ocorreu j\u00e1 em 2012. \u201cEm seguida, seguradoras se tornaram signat\u00e1rias e, em 2016, foi a vez da Superintend\u00eancia de Seguros Privados (Susep)\u201d, informou.\u00a0 Solange Beatriz tamb\u00e9m mostrou a import\u00e2ncia desse mecanismo que incentiva a aceita\u00e7\u00e3o de risco moderado por parte da popula\u00e7\u00e3o.\u00a0 \u201c\u00c9 importante entender que o seguro n\u00e3o \u00e9 apenas um mecanismo de transfer\u00eancia de riscos para compensar perdas financeiras, mas tamb\u00e9m um mecanismo de gerenciamento de risco porque os seguradores podem adotar medidas de preven\u00e7\u00e3o de sinistro e atenua\u00e7\u00e3o das perdas, que acabam incorporadas aos neg\u00f3cios\u201d, explicou.<\/p>\n<p><strong>Conhecimento e consci\u00eancia socioambiental<\/strong><\/p>\n<p>Para a diretora da Mapfre, F\u00e1tima Lima, que produziu o <a href=\"https:\/\/cnseg.org.br\/publicacoes\/relatorio-de-sustentabilidade.html\">relat\u00f3rio de sustentabilidade da CNSeg<\/a>, \u00e9 importante ir al\u00e9m e fomentar a consci\u00eancia da sociedade sobre a exposi\u00e7\u00e3o a todos os riscos ambientais. Ela acredita que focar a quest\u00e3o socioambiental dentro do setor de seguros \u00e9 fundamental para integrar quest\u00f5es \u00e0 estrat\u00e9gia de neg\u00f3cio da empresa. \u201cN\u00e3o pode ser um tema \u00e0 parte dentro da companhia\u201d, ponderou.<\/p>\n<p>Ela explicou que o relat\u00f3rio revelou indicadores importantes que foram coletados no setor de seguros em 2018. Um exemplo \u00e9 que 60% das empresas afirmaram integrar quest\u00f5es Ambientais, Sociais e de Governan\u00e7a (ASG) em seus planejamentos estrat\u00e9gicos. \u201cIsso mostra que est\u00e1 sendo incorporado \u00e0s empresas uma agenda em desenvolvimento com a cria\u00e7\u00e3o de uma nova vis\u00e3o dos riscos para que as oportunidades de neg\u00f3cio surjam a partir dessa nova vis\u00e3o socioambiental\u201d.<\/p>\n<p>Para Laurindo Anjos, gestor de riscos do Ita\u00fa Unibanco, \u00e9 preciso atuar e catequizar as empresas com rela\u00e7\u00e3o ao PSI e ao TCFD. \u201cIniciativas como essas s\u00e3o pilares necess\u00e1rios para que isso comece a permear de fato a cultura de cada institui\u00e7\u00e3o. Vejo um caminho pr\u00f3spero. Precisamos come\u00e7ar a pensar coletivamente o que queremos para todos n\u00f3s. Do contr\u00e1rio, as empresas estar\u00e3o despreparadas para o futuro\u201d.<\/p>\n<p>Fernando Malta, consultor s\u00eanior da SITAWI, falou sobre o trabalho que a Federa\u00e7\u00e3o Brasileira de Bancos (Febraban) fez em 2018 para avaliar o n\u00edvel de maturidade das institui\u00e7\u00f5es financeiras em rela\u00e7\u00e3o ao TCFD. Segundo ele, 1\/3 dos bancos mal tinham ouvido falar sobre o tema, e a metade j\u00e1 conhecia o assunto, mas n\u00e3o havia constru\u00eddo qualquer planejamento para ingressar o TCFD internamente. Ele relatou que o material foi uma ferramenta de sensibilidade clim\u00e1tica para permitir uma an\u00e1lise de como a carteira dos bancos estaria exposta \u00e0 mudan\u00e7a do clima, e que procedimentos tinham que ser feitos para incorporar esse risco clim\u00e1tico no seu dia-a-dia.<\/p>\n<p>O projeto da Febraban para 2019 \u00e9 ajudar as institui\u00e7\u00f5es a realizar pr\u00e1ticas de desenvolvimento de cen\u00e1rios clim\u00e1ticos tropicalizados, pois esse \u00e9 um problema no Brasil, que em geral trabalha com cen\u00e1rios internacionais. \u201cQuando voc\u00ea come\u00e7a a trabalhar essa quest\u00e3o, pelo menos saber onde sua carteira est\u00e1 exposta \u00e0s mudan\u00e7as clim\u00e1ticas, voc\u00ea j\u00e1 tem informa\u00e7\u00e3o para saber como vai gerir esse risco\u201d, detalhou consultor. Segundo ele, essas informa\u00e7\u00f5es s\u00e3o capazes, por exemplo, de apontar os riscos provocados por estiagem na produ\u00e7\u00e3o agr\u00edcola e de projetos de infraestruturas em hidrel\u00e9tricas e melhorias urbanas, por exemplo.<\/p>\n<p><strong>CDN Comunica\u00e7\u00e3o<\/strong><\/p>\n","protected":false},"excerpt":{"rendered":"<p>Inc\u00eandios florestais, polui\u00e7\u00e3o nos mares, estiagem, enchentes, doen\u00e7as provocadas por tabagismo e at\u00e9 a resist\u00eancia a antibi\u00f3ticos, que pode se tornar a principal causa de mortes em 2050. S\u00e3o muitos os fatores que colocam em risco a sa\u00fade e a economia das na\u00e7\u00f5es ao redor do mundo. Atento a esse cen\u00e1rio, o setor de seguros [&hellip;]<\/p>\n","protected":false},"author":2,"featured_media":10838,"comment_status":"open","ping_status":"open","sticky":false,"template":"","format":"standard","meta":[],"categories":[287],"tags":[],"jetpack_featured_media_url":"https:\/\/insurancecorp.com.br\/pt\/wp-content\/uploads\/2019\/09\/coffee-2306471_640.jpg","yoast_head":"<!-- This site is optimized with the Yoast SEO plugin v14.8 - https:\/\/yoast.com\/wordpress\/plugins\/seo\/ -->\n<title>Conseguro Brasil \u00e9 destaque sobre Sustentabilidade em Seguros | Revista Insurance Corp | PT-BR<\/title>\n<meta name=\"robots\" content=\"index, follow\" \/>\n<meta name=\"googlebot\" content=\"index, follow, max-snippet:-1, max-image-preview:large, max-video-preview:-1\" \/>\n<meta name=\"bingbot\" content=\"index, follow, max-snippet:-1, max-image-preview:large, max-video-preview:-1\" \/>\n<link rel=\"canonical\" href=\"https:\/\/insurancecorp.com.br\/pt\/2019\/09\/05\/conseguro-brasil-e-destaque-sobre-sustentabilidade-em-seguros\/\" \/>\n<meta property=\"og:locale\" content=\"pt_BR\" \/>\n<meta property=\"og:type\" content=\"article\" \/>\n<meta property=\"og:title\" content=\"Conseguro Brasil \u00e9 destaque sobre Sustentabilidade em Seguros | Revista Insurance Corp | PT-BR\" \/>\n<meta property=\"og:description\" content=\"Inc\u00eandios florestais, polui\u00e7\u00e3o nos mares, estiagem, enchentes, doen\u00e7as provocadas por tabagismo e at\u00e9 a resist\u00eancia a antibi\u00f3ticos, que pode se tornar a principal causa de mortes em 2050. S\u00e3o muitos os fatores que colocam em risco a sa\u00fade e a economia das na\u00e7\u00f5es ao redor do mundo. Atento a esse cen\u00e1rio, o setor de seguros [&hellip;]\" \/>\n<meta property=\"og:url\" content=\"https:\/\/insurancecorp.com.br\/pt\/2019\/09\/05\/conseguro-brasil-e-destaque-sobre-sustentabilidade-em-seguros\/\" \/>\n<meta property=\"og:site_name\" content=\"Revista Insurance Corp | PT-BR\" \/>\n<meta property=\"article:publisher\" content=\"https:\/\/www.facebook.com\/RevistaInsuranceCorp\/\" \/>\n<meta property=\"article:published_time\" content=\"2019-09-05T19:30:23+00:00\" \/>\n<meta property=\"og:image\" content=\"https:\/\/insurancecorp.com.br\/pt\/wp-content\/uploads\/2019\/09\/coffee-2306471_640.jpg\" \/>\n\t<meta property=\"og:image:width\" content=\"1280\" \/>\n\t<meta property=\"og:image:height\" content=\"802\" \/>\n<meta name=\"twitter:card\" content=\"summary\" \/>\n<script type=\"application\/ld+json\" class=\"yoast-schema-graph\">{\"@context\":\"https:\/\/schema.org\",\"@graph\":[{\"@type\":\"Organization\",\"@id\":\"https:\/\/insurancecorp.com.br\/pt\/#organization\",\"name\":\"Revista Insurance Corp\",\"url\":\"https:\/\/insurancecorp.com.br\/pt\/\",\"sameAs\":[\"https:\/\/www.facebook.com\/RevistaInsuranceCorp\/\"],\"logo\":{\"@type\":\"ImageObject\",\"@id\":\"https:\/\/insurancecorp.com.br\/pt\/#logo\",\"inLanguage\":\"pt-BR\",\"url\":\"\",\"caption\":\"Revista Insurance Corp\"},\"image\":{\"@id\":\"https:\/\/insurancecorp.com.br\/pt\/#logo\"}},{\"@type\":\"WebSite\",\"@id\":\"https:\/\/insurancecorp.com.br\/pt\/#website\",\"url\":\"https:\/\/insurancecorp.com.br\/pt\/\",\"name\":\"Revista Insurance Corp | PT-BR\",\"description\":\"A \\u00fanica revista bil\\u00edngue voltada ao mercado de seguro.\",\"publisher\":{\"@id\":\"https:\/\/insurancecorp.com.br\/pt\/#organization\"},\"potentialAction\":[{\"@type\":\"SearchAction\",\"target\":\"https:\/\/insurancecorp.com.br\/pt\/?s={search_term_string}\",\"query-input\":\"required name=search_term_string\"}],\"inLanguage\":\"pt-BR\"},{\"@type\":\"ImageObject\",\"@id\":\"https:\/\/insurancecorp.com.br\/pt\/2019\/09\/05\/conseguro-brasil-e-destaque-sobre-sustentabilidade-em-seguros\/#primaryimage\",\"inLanguage\":\"pt-BR\",\"url\":\"https:\/\/insurancecorp.com.br\/pt\/wp-content\/uploads\/2019\/09\/coffee-2306471_640.jpg\",\"width\":1280,\"height\":802},{\"@type\":\"WebPage\",\"@id\":\"https:\/\/insurancecorp.com.br\/pt\/2019\/09\/05\/conseguro-brasil-e-destaque-sobre-sustentabilidade-em-seguros\/#webpage\",\"url\":\"https:\/\/insurancecorp.com.br\/pt\/2019\/09\/05\/conseguro-brasil-e-destaque-sobre-sustentabilidade-em-seguros\/\",\"name\":\"Conseguro Brasil \\u00e9 destaque sobre Sustentabilidade em Seguros | Revista Insurance Corp | PT-BR\",\"isPartOf\":{\"@id\":\"https:\/\/insurancecorp.com.br\/pt\/#website\"},\"primaryImageOfPage\":{\"@id\":\"https:\/\/insurancecorp.com.br\/pt\/2019\/09\/05\/conseguro-brasil-e-destaque-sobre-sustentabilidade-em-seguros\/#primaryimage\"},\"datePublished\":\"2019-09-05T19:30:23+00:00\",\"dateModified\":\"2019-09-05T19:30:23+00:00\",\"inLanguage\":\"pt-BR\",\"potentialAction\":[{\"@type\":\"ReadAction\",\"target\":[\"https:\/\/insurancecorp.com.br\/pt\/2019\/09\/05\/conseguro-brasil-e-destaque-sobre-sustentabilidade-em-seguros\/\"]}]},{\"@type\":\"Article\",\"@id\":\"https:\/\/insurancecorp.com.br\/pt\/2019\/09\/05\/conseguro-brasil-e-destaque-sobre-sustentabilidade-em-seguros\/#article\",\"isPartOf\":{\"@id\":\"https:\/\/insurancecorp.com.br\/pt\/2019\/09\/05\/conseguro-brasil-e-destaque-sobre-sustentabilidade-em-seguros\/#webpage\"},\"author\":{\"@id\":\"https:\/\/insurancecorp.com.br\/pt\/#\/schema\/person\/1b69c8cf325f0b7167f1b171f52df4af\"},\"headline\":\"Conseguro Brasil \\u00e9 destaque sobre Sustentabilidade em Seguros\",\"datePublished\":\"2019-09-05T19:30:23+00:00\",\"dateModified\":\"2019-09-05T19:30:23+00:00\",\"mainEntityOfPage\":{\"@id\":\"https:\/\/insurancecorp.com.br\/pt\/2019\/09\/05\/conseguro-brasil-e-destaque-sobre-sustentabilidade-em-seguros\/#webpage\"},\"commentCount\":0,\"publisher\":{\"@id\":\"https:\/\/insurancecorp.com.br\/pt\/#organization\"},\"image\":{\"@id\":\"https:\/\/insurancecorp.com.br\/pt\/2019\/09\/05\/conseguro-brasil-e-destaque-sobre-sustentabilidade-em-seguros\/#primaryimage\"},\"articleSection\":\"CONSEGURO 2019\",\"inLanguage\":\"pt-BR\",\"potentialAction\":[{\"@type\":\"CommentAction\",\"name\":\"Comment\",\"target\":[\"https:\/\/insurancecorp.com.br\/pt\/2019\/09\/05\/conseguro-brasil-e-destaque-sobre-sustentabilidade-em-seguros\/#respond\"]}]},{\"@type\":\"Person\",\"@id\":\"https:\/\/insurancecorp.com.br\/pt\/#\/schema\/person\/1b69c8cf325f0b7167f1b171f52df4af\",\"name\":\"Publica\\u00e7\\u00e3o\",\"image\":{\"@type\":\"ImageObject\",\"@id\":\"https:\/\/insurancecorp.com.br\/pt\/#personlogo\",\"inLanguage\":\"pt-BR\",\"url\":\"https:\/\/secure.gravatar.com\/avatar\/17226f1f60486eb25d4c6b301ffed37f?s=96&d=mm&r=g\",\"caption\":\"Publica\\u00e7\\u00e3o\"}}]}<\/script>\n<!-- \/ Yoast SEO plugin. -->","_links":{"self":[{"href":"https:\/\/insurancecorp.com.br\/pt\/wp-json\/wp\/v2\/posts\/10837"}],"collection":[{"href":"https:\/\/insurancecorp.com.br\/pt\/wp-json\/wp\/v2\/posts"}],"about":[{"href":"https:\/\/insurancecorp.com.br\/pt\/wp-json\/wp\/v2\/types\/post"}],"author":[{"embeddable":true,"href":"https:\/\/insurancecorp.com.br\/pt\/wp-json\/wp\/v2\/users\/2"}],"replies":[{"embeddable":true,"href":"https:\/\/insurancecorp.com.br\/pt\/wp-json\/wp\/v2\/comments?post=10837"}],"version-history":[{"count":1,"href":"https:\/\/insurancecorp.com.br\/pt\/wp-json\/wp\/v2\/posts\/10837\/revisions"}],"predecessor-version":[{"id":10839,"href":"https:\/\/insurancecorp.com.br\/pt\/wp-json\/wp\/v2\/posts\/10837\/revisions\/10839"}],"wp:featuredmedia":[{"embeddable":true,"href":"https:\/\/insurancecorp.com.br\/pt\/wp-json\/wp\/v2\/media\/10838"}],"wp:attachment":[{"href":"https:\/\/insurancecorp.com.br\/pt\/wp-json\/wp\/v2\/media?parent=10837"}],"wp:term":[{"taxonomy":"category","embeddable":true,"href":"https:\/\/insurancecorp.com.br\/pt\/wp-json\/wp\/v2\/categories?post=10837"},{"taxonomy":"post_tag","embeddable":true,"href":"https:\/\/insurancecorp.com.br\/pt\/wp-json\/wp\/v2\/tags?post=10837"}],"curies":[{"name":"wp","href":"https:\/\/api.w.org\/{rel}","templated":true}]}}