{"id":10762,"date":"2019-09-04T10:15:26","date_gmt":"2019-09-04T13:15:26","guid":{"rendered":"https:\/\/insurancecorp.com.br\/pt\/?p=10762"},"modified":"2019-09-04T11:55:15","modified_gmt":"2019-09-04T14:55:15","slug":"cidades-baianas-terao-extensao-sobre-direito-securitario","status":"publish","type":"post","link":"https:\/\/insurancecorp.com.br\/pt\/2019\/09\/04\/cidades-baianas-terao-extensao-sobre-direito-securitario\/","title":{"rendered":"Bahia ter\u00e1 Curso sobre Direito Securit\u00e1rio"},"content":{"rendered":"<p class=\"x_MsoNormal\">Um programa que apresentar\u00e1 conhecimentos t\u00e9cnicos e jur\u00eddicos focados no segmento de seguros a partir de bases te\u00f3ricas e pr\u00e1ticas. Essa \u00e9 a proposta do curso de extens\u00e3o em\u00a0<b>Direito Securit\u00e1rio<\/b>, que a Escola Nacional de Seguros (ENS) est\u00e1 oferecendo nas cidades de Salvador e Vit\u00f3ria da Conquista, ambas na Bahia.<\/p>\n<p class=\"x_MsoNormal\">O programa \u00e9 recomendado para advogados que j\u00e1 atuam ou pretendem atuar no setor de seguros, assim como aos operadores do Direito interessados em defender os interesses dos segurados.<\/p>\n<p class=\"x_MsoNormal\">Ministrado na modalidade semipresencial, o curso conta com aulas\u00a0<em>online<\/em>\u00a0e encontros mensais. Dessa forma, os alunos se beneficiam da praticidade do ensino virtual, podendo organizar os estudos da forma que preferirem, e mant\u00eam o contato e a troca de ideias com o professor e demais estudantes nos encontros presenciais.<\/p>\n<p class=\"x_MsoNormal\">Com carga de 72 horas\/aula, a extens\u00e3o dura aproximadamente tr\u00eas meses e \u00e9 composta por tr\u00eas disciplinas: Fundamentos e Estrutura do Mercado de Seguros; Fundamentos do Direito P\u00fablico e Privado; Direito Aplicado ao Seguro.<\/p>\n<p class=\"x_MsoNormal\">Na capital baiana, as aulas est\u00e3o programadas para come\u00e7ar no dia 9 de setembro; j\u00e1 em Vit\u00f3ria da Conquista a data de in\u00edcio \u00e9 dia 16 do mesmo m\u00eas.<\/p>\n<p class=\"x_MsoNormal\">O advogado e pesquisador Leonardo Gir\u00e3o, mestre em Economia e Gest\u00e3o Empresarial e doutorando em Ci\u00eancias Jur\u00eddico-Econ\u00f4micas pela Universidade de Lisboa, ser\u00e1 o coordenador acad\u00eamico nas duas cidades.<\/p>\n<p class=\"x_MsoNormal\">Matr\u00edculas e mais informa\u00e7\u00f5es est\u00e3o dispon\u00edveis no\u00a0<em>site<\/em>\u00a0<a href=\"https:\/\/www.ens.edu.br\/Cursos\/Escolaridade\/busca?drpTipoCurso=0&amp;drpSelecioneCidade=0&amp;drpTipoInscricao=0&amp;drpCursoEAD=0&amp;nomecurso=direito%20securit%C3%A1rio\" target=\"_blank\" rel=\"noopener noreferrer\" data-auth=\"NotApplicable\">ens.edu.br<\/a>\u00a0ou pelo\u00a0<em>e-mail<\/em><em>\u00a0<\/em><a href=\"mailto:ens@portaliben.com.br\" target=\"_blank\" rel=\"noopener noreferrer\" data-auth=\"NotApplicable\">ens@portaliben.com.br<\/a><\/p>\n<p><b>Coordenadoria de Comunica\u00e7\u00e3o Social<\/b><\/p>\n<p>Foto: pixabay\/<a href=\"https:\/\/pixabay.com\/pt\/users\/StartupStockPhotos-690514\/?utm_source=link-attribution&amp;utm_medium=referral&amp;utm_campaign=image&amp;utm_content=849825\">StartupStockPhotos<\/a><\/p>\n","protected":false},"excerpt":{"rendered":"<p>Um programa que apresentar\u00e1 conhecimentos t\u00e9cnicos e jur\u00eddicos focados no segmento de seguros a partir de bases te\u00f3ricas e pr\u00e1ticas. Essa \u00e9 a proposta do curso de extens\u00e3o em\u00a0Direito Securit\u00e1rio, que a Escola Nacional de Seguros (ENS) est\u00e1 oferecendo nas cidades de Salvador e Vit\u00f3ria da Conquista, ambas na Bahia. O programa \u00e9 recomendado para [&hellip;]<\/p>\n","protected":false},"author":2,"featured_media":10763,"comment_status":"open","ping_status":"open","sticky":false,"template":"","format":"standard","meta":[],"categories":[118],"tags":[],"jetpack_featured_media_url":"https:\/\/insurancecorp.com.br\/pt\/wp-content\/uploads\/2019\/09\/matrix-2503236_640-1.jpg","yoast_head":"<!-- This site is optimized with the Yoast SEO plugin v14.8 - https:\/\/yoast.com\/wordpress\/plugins\/seo\/ -->\n<title>Bahia ter\u00e1 Curso sobre Direito Securit\u00e1rio | Revista Insurance Corp | PT-BR<\/title>\n<meta name=\"robots\" content=\"index, follow\" \/>\n<meta name=\"googlebot\" content=\"index, follow, max-snippet:-1, max-image-preview:large, max-video-preview:-1\" \/>\n<meta name=\"bingbot\" content=\"index, follow, max-snippet:-1, max-image-preview:large, max-video-preview:-1\" \/>\n<link rel=\"canonical\" href=\"https:\/\/insurancecorp.com.br\/pt\/2019\/09\/04\/cidades-baianas-terao-extensao-sobre-direito-securitario\/\" \/>\n<meta property=\"og:locale\" content=\"pt_BR\" \/>\n<meta property=\"og:type\" content=\"article\" \/>\n<meta property=\"og:title\" content=\"Bahia ter\u00e1 Curso sobre Direito Securit\u00e1rio | Revista Insurance Corp | PT-BR\" \/>\n<meta property=\"og:description\" content=\"Um programa que apresentar\u00e1 conhecimentos t\u00e9cnicos e jur\u00eddicos focados no segmento de seguros a partir de bases te\u00f3ricas e pr\u00e1ticas. Essa \u00e9 a proposta do curso de extens\u00e3o em\u00a0Direito Securit\u00e1rio, que a Escola Nacional de Seguros (ENS) est\u00e1 oferecendo nas cidades de Salvador e Vit\u00f3ria da Conquista, ambas na Bahia. O programa \u00e9 recomendado para [&hellip;]\" \/>\n<meta property=\"og:url\" content=\"https:\/\/insurancecorp.com.br\/pt\/2019\/09\/04\/cidades-baianas-terao-extensao-sobre-direito-securitario\/\" \/>\n<meta property=\"og:site_name\" content=\"Revista Insurance Corp | PT-BR\" \/>\n<meta property=\"article:publisher\" content=\"https:\/\/www.facebook.com\/RevistaInsuranceCorp\/\" \/>\n<meta property=\"article:published_time\" content=\"2019-09-04T13:15:26+00:00\" \/>\n<meta property=\"article:modified_time\" content=\"2019-09-04T14:55:15+00:00\" \/>\n<meta property=\"og:image\" content=\"https:\/\/insurancecorp.com.br\/pt\/wp-content\/uploads\/2019\/09\/matrix-2503236_640-1.jpg\" \/>\n\t<meta property=\"og:image:width\" content=\"960\" \/>\n\t<meta property=\"og:image:height\" content=\"640\" \/>\n<meta name=\"twitter:card\" content=\"summary\" \/>\n<script type=\"application\/ld+json\" class=\"yoast-schema-graph\">{\"@context\":\"https:\/\/schema.org\",\"@graph\":[{\"@type\":\"Organization\",\"@id\":\"https:\/\/insurancecorp.com.br\/pt\/#organization\",\"name\":\"Revista Insurance Corp\",\"url\":\"https:\/\/insurancecorp.com.br\/pt\/\",\"sameAs\":[\"https:\/\/www.facebook.com\/RevistaInsuranceCorp\/\"],\"logo\":{\"@type\":\"ImageObject\",\"@id\":\"https:\/\/insurancecorp.com.br\/pt\/#logo\",\"inLanguage\":\"pt-BR\",\"url\":\"\",\"caption\":\"Revista Insurance Corp\"},\"image\":{\"@id\":\"https:\/\/insurancecorp.com.br\/pt\/#logo\"}},{\"@type\":\"WebSite\",\"@id\":\"https:\/\/insurancecorp.com.br\/pt\/#website\",\"url\":\"https:\/\/insurancecorp.com.br\/pt\/\",\"name\":\"Revista Insurance Corp | PT-BR\",\"description\":\"A \\u00fanica revista bil\\u00edngue voltada ao mercado de seguro.\",\"publisher\":{\"@id\":\"https:\/\/insurancecorp.com.br\/pt\/#organization\"},\"potentialAction\":[{\"@type\":\"SearchAction\",\"target\":\"https:\/\/insurancecorp.com.br\/pt\/?s={search_term_string}\",\"query-input\":\"required name=search_term_string\"}],\"inLanguage\":\"pt-BR\"},{\"@type\":\"ImageObject\",\"@id\":\"https:\/\/insurancecorp.com.br\/pt\/2019\/09\/04\/cidades-baianas-terao-extensao-sobre-direito-securitario\/#primaryimage\",\"inLanguage\":\"pt-BR\",\"url\":\"https:\/\/insurancecorp.com.br\/pt\/wp-content\/uploads\/2019\/09\/matrix-2503236_640-1.jpg\",\"width\":960,\"height\":640},{\"@type\":\"WebPage\",\"@id\":\"https:\/\/insurancecorp.com.br\/pt\/2019\/09\/04\/cidades-baianas-terao-extensao-sobre-direito-securitario\/#webpage\",\"url\":\"https:\/\/insurancecorp.com.br\/pt\/2019\/09\/04\/cidades-baianas-terao-extensao-sobre-direito-securitario\/\",\"name\":\"Bahia ter\\u00e1 Curso sobre Direito Securit\\u00e1rio | Revista Insurance Corp | PT-BR\",\"isPartOf\":{\"@id\":\"https:\/\/insurancecorp.com.br\/pt\/#website\"},\"primaryImageOfPage\":{\"@id\":\"https:\/\/insurancecorp.com.br\/pt\/2019\/09\/04\/cidades-baianas-terao-extensao-sobre-direito-securitario\/#primaryimage\"},\"datePublished\":\"2019-09-04T13:15:26+00:00\",\"dateModified\":\"2019-09-04T14:55:15+00:00\",\"inLanguage\":\"pt-BR\",\"potentialAction\":[{\"@type\":\"ReadAction\",\"target\":[\"https:\/\/insurancecorp.com.br\/pt\/2019\/09\/04\/cidades-baianas-terao-extensao-sobre-direito-securitario\/\"]}]},{\"@type\":\"Article\",\"@id\":\"https:\/\/insurancecorp.com.br\/pt\/2019\/09\/04\/cidades-baianas-terao-extensao-sobre-direito-securitario\/#article\",\"isPartOf\":{\"@id\":\"https:\/\/insurancecorp.com.br\/pt\/2019\/09\/04\/cidades-baianas-terao-extensao-sobre-direito-securitario\/#webpage\"},\"author\":{\"@id\":\"https:\/\/insurancecorp.com.br\/pt\/#\/schema\/person\/1b69c8cf325f0b7167f1b171f52df4af\"},\"headline\":\"Bahia ter\\u00e1 Curso sobre Direito Securit\\u00e1rio\",\"datePublished\":\"2019-09-04T13:15:26+00:00\",\"dateModified\":\"2019-09-04T14:55:15+00:00\",\"mainEntityOfPage\":{\"@id\":\"https:\/\/insurancecorp.com.br\/pt\/2019\/09\/04\/cidades-baianas-terao-extensao-sobre-direito-securitario\/#webpage\"},\"commentCount\":0,\"publisher\":{\"@id\":\"https:\/\/insurancecorp.com.br\/pt\/#organization\"},\"image\":{\"@id\":\"https:\/\/insurancecorp.com.br\/pt\/2019\/09\/04\/cidades-baianas-terao-extensao-sobre-direito-securitario\/#primaryimage\"},\"articleSection\":\"Escola Nacional de Seguros\",\"inLanguage\":\"pt-BR\",\"potentialAction\":[{\"@type\":\"CommentAction\",\"name\":\"Comment\",\"target\":[\"https:\/\/insurancecorp.com.br\/pt\/2019\/09\/04\/cidades-baianas-terao-extensao-sobre-direito-securitario\/#respond\"]}]},{\"@type\":\"Person\",\"@id\":\"https:\/\/insurancecorp.com.br\/pt\/#\/schema\/person\/1b69c8cf325f0b7167f1b171f52df4af\",\"name\":\"Publica\\u00e7\\u00e3o\",\"image\":{\"@type\":\"ImageObject\",\"@id\":\"https:\/\/insurancecorp.com.br\/pt\/#personlogo\",\"inLanguage\":\"pt-BR\",\"url\":\"https:\/\/secure.gravatar.com\/avatar\/17226f1f60486eb25d4c6b301ffed37f?s=96&d=mm&r=g\",\"caption\":\"Publica\\u00e7\\u00e3o\"}}]}<\/script>\n<!-- \/ Yoast SEO plugin. -->","_links":{"self":[{"href":"https:\/\/insurancecorp.com.br\/pt\/wp-json\/wp\/v2\/posts\/10762"}],"collection":[{"href":"https:\/\/insurancecorp.com.br\/pt\/wp-json\/wp\/v2\/posts"}],"about":[{"href":"https:\/\/insurancecorp.com.br\/pt\/wp-json\/wp\/v2\/types\/post"}],"author":[{"embeddable":true,"href":"https:\/\/insurancecorp.com.br\/pt\/wp-json\/wp\/v2\/users\/2"}],"replies":[{"embeddable":true,"href":"https:\/\/insurancecorp.com.br\/pt\/wp-json\/wp\/v2\/comments?post=10762"}],"version-history":[{"count":3,"href":"https:\/\/insurancecorp.com.br\/pt\/wp-json\/wp\/v2\/posts\/10762\/revisions"}],"predecessor-version":[{"id":10776,"href":"https:\/\/insurancecorp.com.br\/pt\/wp-json\/wp\/v2\/posts\/10762\/revisions\/10776"}],"wp:featuredmedia":[{"embeddable":true,"href":"https:\/\/insurancecorp.com.br\/pt\/wp-json\/wp\/v2\/media\/10763"}],"wp:attachment":[{"href":"https:\/\/insurancecorp.com.br\/pt\/wp-json\/wp\/v2\/media?parent=10762"}],"wp:term":[{"taxonomy":"category","embeddable":true,"href":"https:\/\/insurancecorp.com.br\/pt\/wp-json\/wp\/v2\/categories?post=10762"},{"taxonomy":"post_tag","embeddable":true,"href":"https:\/\/insurancecorp.com.br\/pt\/wp-json\/wp\/v2\/tags?post=10762"}],"curies":[{"name":"wp","href":"https:\/\/api.w.org\/{rel}","templated":true}]}}