{"id":10549,"date":"2019-08-26T15:07:24","date_gmt":"2019-08-26T18:07:24","guid":{"rendered":"https:\/\/insurancecorp.com.br\/pt\/?p=10549"},"modified":"2019-08-26T15:18:18","modified_gmt":"2019-08-26T18:18:18","slug":"seguralta-cria-evento-especial-para-compartilhar-expertise-com-corretores","status":"publish","type":"post","link":"https:\/\/insurancecorp.com.br\/pt\/2019\/08\/26\/seguralta-cria-evento-especial-para-compartilhar-expertise-com-corretores\/","title":{"rendered":"Seguralta cria evento  para compartilhar expertise"},"content":{"rendered":"<p style=\"margin-bottom: .0001pt; text-align: justify; line-height: 16.5pt;\"><span style=\"font-size: 10.5pt; font-family: 'Arial',sans-serif;\">Dividir expertise e capacitar corretores para as novidades do mercado. Com esse objetivo, a Seguralta, maior rede de corretoras de seguro do pa\u00eds, criou o Corretor 360\u00ba, que ter\u00e1 suas tr\u00eas primeiras edi\u00e7\u00f5es nas cidades de Ribeir\u00e3o Preto, Campinas e S\u00e3o Paulo no pr\u00f3ximo m\u00eas de setembro.<\/span><\/p>\n<p style=\"margin-bottom: .0001pt; text-align: justify; line-height: 16.5pt;\"><span style=\"font-size: 10.5pt; font-family: 'Arial',sans-serif;\">Com dura\u00e7\u00e3o de quatro horas e palestras de alt\u00edssimo n\u00edvel, o evento trar\u00e1 abordagens abrangentes sobre temas atuais, que trar\u00e3o uma nova percep\u00e7\u00e3o de mercado aos profissionais do setor.<\/span><\/p>\n<p style=\"margin-bottom: .0001pt; text-align: justify; line-height: 16.5pt;\"><strong><span style=\"font-size: 10.5pt; font-family: 'Arial',sans-serif;\">Conhe\u00e7a os temas e palestrantes:<\/span><\/strong><\/p>\n<p style=\"margin-bottom: .0001pt; text-align: justify; line-height: 16.5pt;\"><span style=\"font-size: 10.5pt; font-family: 'Arial',sans-serif;\">Tecnologias para Corretores de Seguros e Inova\u00e7\u00e3o<\/span><\/p>\n<p style=\"margin-bottom: .0001pt; text-align: justify; line-height: 16.5pt;\"><span style=\"font-size: 10.5pt; font-family: 'Arial',sans-serif;\">Gustavo Zanon &#8211; Iniciou sua carreira aos 14 anos, no departamento de Seguros de Vida, passou pelos departamentos de sinistro, comercial com \u00eanfase em vendas diretas e administra\u00e7\u00e3o de ap\u00f3lices. Foi gerente da Bolsa de Seguros, gestor de franquias e treinamentos e diretor comercial da corretora. Hoje, com mais de 1300 franquias em todo Brasil, ocupa o cargo de COO da Seguralta Corretora de Seguros.<\/span><\/p>\n<p style=\"margin-bottom: .0001pt; text-align: justify; line-height: 16.5pt;\"><strong><span style=\"font-size: 10.5pt; font-family: 'Arial',sans-serif;\">Mercado <\/span><\/strong><\/p>\n<p style=\"margin-bottom: .0001pt; text-align: justify; line-height: 16.5pt;\"><span style=\"font-size: 10.5pt; font-family: 'Arial',sans-serif;\">Nilton Dias &#8211; Aos 12 anos iniciou sua carreira na Seguralta como office boy e foi crescendo gradativamente na empresa, passando pelos setores de c\u00e1lculo, atualiza\u00e7\u00e3o de manuais t\u00e9cnicos, sinistro, ger\u00eancia t\u00e9cnica, ger\u00eancia de produ\u00e7\u00e3o comercial. Sua maior motiva\u00e7\u00e3o \u00e9 ter a possibilidade de ajudar pessoas a protegerem seus patrim\u00f4nios atrav\u00e9s dos mais variados tipos de seguros. Nilton \u00e9 formado em T\u00e9cnico em Edifica\u00e7\u00f5es, Administra\u00e7\u00e3o e Susep \u2013 Corretor de Seguros. Atualmente, possui a experi\u00eancia de 42 anos na \u00e1rea de seguros e \u00e9 Diretor de Opera\u00e7\u00f5es Comerciais da Seguralta.<\/span><\/p>\n<p style=\"margin-bottom: .0001pt; text-align: justify; line-height: 16.5pt;\"><strong><span style=\"font-size: 10.5pt; font-family: 'Arial',sans-serif;\">Alta performance em vendas<\/span><\/strong><\/p>\n<p style=\"margin-bottom: .0001pt; text-align: justify; line-height: 16.5pt;\"><span style=\"font-size: 10.5pt; font-family: 'Arial',sans-serif;\">Reinaldo Zanon &#8211; Sempre teve o sangue empreendedor correndo nas veias, apesar de ter na fam\u00edlia um neg\u00f3cio de sucesso, a Seguralta, a princ\u00edpio, preferiu seguir seus pr\u00f3prios passos e iniciou a carreira bem jovem em uma multinacional na \u00e1rea da sa\u00fade. Aos 28 anos ganhou o primeiro milh\u00e3o e hoje, \u00e9 CEO do Grupo Zanon, Seguralta, Segcredi e Los Mex. Com o faturamento de R$300 milh\u00f5es ao ano e marcas renomadas no mercado de franchising, j\u00e1 realizou palestras pelo Brasil e Canad\u00e1, com o foco em capacitar milhares de pessoas em vendas.<\/span><\/p>\n<p style=\"margin-bottom: .0001pt; text-align: justify; line-height: 16.5pt;\"><strong><span style=\"font-size: 10.5pt; font-family: 'Arial',sans-serif;\">Marketing Digital: Facebook e Instagram<\/span><\/strong><\/p>\n<p style=\"margin-bottom: .0001pt; text-align: justify; line-height: 16.5pt;\"><span style=\"font-size: 10.5pt; font-family: 'Arial',sans-serif;\">Beatriz Lasquevite &#8211; Especialista em Performance \u2013 Google Ads, Facebook Ads e Instagram Ads, \u00e9 formada em Jornalismo, especializada em Social Media, Marketing Digital e Vendas Online. Atendendo diversos segmentos de mercado por seis anos, encontrou nas redes sociais a melhor ferramenta para escalar vendas e empresas exponencialmente. Atualmente \u00e9 respons\u00e1vel pelo planejamento e execu\u00e7\u00e3o de estrat\u00e9gias de marketing milion\u00e1rias, usando as redes sociais do Grupo Zanon que atende as marcas: Seguralta, Los Mex e Segcredi.<\/span><\/p>\n<p>Os eventos ser\u00e3o ministrados em hot\u00e9is (a ser definidos) nas seguintes datas e hor\u00e1rios. Os locais ser\u00e3o divulgados posteriormente atrav\u00e9s do site e e-mail dos inscritos.<\/p>\n<p style=\"margin-bottom: .0001pt; text-align: justify; line-height: 16.5pt;\"><span style=\"font-size: 10.5pt; font-family: 'Arial',sans-serif;\">16\/09 &#8211; Ribeir\u00e3o Preto &#8211; das 18:30 \u00e0s 22:30<\/span><\/p>\n<p style=\"margin-bottom: .0001pt; text-align: justify; line-height: 16.5pt;\"><span style=\"font-size: 10.5pt; font-family: 'Arial',sans-serif;\">17\/09 &#8211; Campinas &#8211; das 18:30 \u00e0s 22:30<\/span><\/p>\n<p style=\"margin-bottom: .0001pt; text-align: justify; line-height: 16.5pt;\"><span style=\"font-size: 10.5pt; font-family: 'Arial',sans-serif;\">18\/09 &#8211; S\u00e3o Paulo &#8211; das 18:30 \u00e0s 22:30<\/span><\/p>\n<p><strong>Lucky Assessoria de Comunica\u00e7\u00e3o<\/strong><\/p>\n<p>Foto:\u00a0\u00a0STARTUP STOCK PHOTOS<\/p>\n","protected":false},"excerpt":{"rendered":"<p>Dividir expertise e capacitar corretores para as novidades do mercado. Com esse objetivo, a Seguralta, maior rede de corretoras de seguro do pa\u00eds, criou o Corretor 360\u00ba, que ter\u00e1 suas tr\u00eas primeiras edi\u00e7\u00f5es nas cidades de Ribeir\u00e3o Preto, Campinas e S\u00e3o Paulo no pr\u00f3ximo m\u00eas de setembro. Com dura\u00e7\u00e3o de quatro horas e palestras de [&hellip;]<\/p>\n","protected":false},"author":2,"featured_media":10554,"comment_status":"open","ping_status":"open","sticky":false,"template":"","format":"standard","meta":[],"categories":[133],"tags":[],"jetpack_featured_media_url":"https:\/\/insurancecorp.com.br\/pt\/wp-content\/uploads\/2019\/08\/Foto-1-1.jpg","yoast_head":"<!-- This site is optimized with the Yoast SEO plugin v14.8 - https:\/\/yoast.com\/wordpress\/plugins\/seo\/ -->\n<title>Seguralta cria evento para compartilhar expertise | Revista Insurance Corp | PT-BR<\/title>\n<meta name=\"robots\" content=\"index, follow\" \/>\n<meta name=\"googlebot\" content=\"index, follow, max-snippet:-1, max-image-preview:large, max-video-preview:-1\" \/>\n<meta name=\"bingbot\" content=\"index, follow, max-snippet:-1, max-image-preview:large, max-video-preview:-1\" \/>\n<link rel=\"canonical\" href=\"https:\/\/insurancecorp.com.br\/pt\/2019\/08\/26\/seguralta-cria-evento-especial-para-compartilhar-expertise-com-corretores\/\" \/>\n<meta property=\"og:locale\" content=\"pt_BR\" \/>\n<meta property=\"og:type\" content=\"article\" \/>\n<meta property=\"og:title\" content=\"Seguralta cria evento para compartilhar expertise | Revista Insurance Corp | PT-BR\" \/>\n<meta property=\"og:description\" content=\"Dividir expertise e capacitar corretores para as novidades do mercado. Com esse objetivo, a Seguralta, maior rede de corretoras de seguro do pa\u00eds, criou o Corretor 360\u00ba, que ter\u00e1 suas tr\u00eas primeiras edi\u00e7\u00f5es nas cidades de Ribeir\u00e3o Preto, Campinas e S\u00e3o Paulo no pr\u00f3ximo m\u00eas de setembro. Com dura\u00e7\u00e3o de quatro horas e palestras de [&hellip;]\" \/>\n<meta property=\"og:url\" content=\"https:\/\/insurancecorp.com.br\/pt\/2019\/08\/26\/seguralta-cria-evento-especial-para-compartilhar-expertise-com-corretores\/\" \/>\n<meta property=\"og:site_name\" content=\"Revista Insurance Corp | PT-BR\" \/>\n<meta property=\"article:publisher\" content=\"https:\/\/www.facebook.com\/RevistaInsuranceCorp\/\" \/>\n<meta property=\"article:published_time\" content=\"2019-08-26T18:07:24+00:00\" \/>\n<meta property=\"article:modified_time\" content=\"2019-08-26T18:18:18+00:00\" \/>\n<meta property=\"og:image\" content=\"https:\/\/insurancecorp.com.br\/pt\/wp-content\/uploads\/2019\/08\/Foto-1-1.jpg\" \/>\n\t<meta property=\"og:image:width\" content=\"1880\" \/>\n\t<meta property=\"og:image:height\" content=\"1253\" \/>\n<meta name=\"twitter:card\" content=\"summary\" \/>\n<script type=\"application\/ld+json\" class=\"yoast-schema-graph\">{\"@context\":\"https:\/\/schema.org\",\"@graph\":[{\"@type\":\"Organization\",\"@id\":\"https:\/\/insurancecorp.com.br\/pt\/#organization\",\"name\":\"Revista Insurance Corp\",\"url\":\"https:\/\/insurancecorp.com.br\/pt\/\",\"sameAs\":[\"https:\/\/www.facebook.com\/RevistaInsuranceCorp\/\"],\"logo\":{\"@type\":\"ImageObject\",\"@id\":\"https:\/\/insurancecorp.com.br\/pt\/#logo\",\"inLanguage\":\"pt-BR\",\"url\":\"\",\"caption\":\"Revista Insurance Corp\"},\"image\":{\"@id\":\"https:\/\/insurancecorp.com.br\/pt\/#logo\"}},{\"@type\":\"WebSite\",\"@id\":\"https:\/\/insurancecorp.com.br\/pt\/#website\",\"url\":\"https:\/\/insurancecorp.com.br\/pt\/\",\"name\":\"Revista Insurance Corp | PT-BR\",\"description\":\"A \\u00fanica revista bil\\u00edngue voltada ao mercado de seguro.\",\"publisher\":{\"@id\":\"https:\/\/insurancecorp.com.br\/pt\/#organization\"},\"potentialAction\":[{\"@type\":\"SearchAction\",\"target\":\"https:\/\/insurancecorp.com.br\/pt\/?s={search_term_string}\",\"query-input\":\"required name=search_term_string\"}],\"inLanguage\":\"pt-BR\"},{\"@type\":\"ImageObject\",\"@id\":\"https:\/\/insurancecorp.com.br\/pt\/2019\/08\/26\/seguralta-cria-evento-especial-para-compartilhar-expertise-com-corretores\/#primaryimage\",\"inLanguage\":\"pt-BR\",\"url\":\"https:\/\/insurancecorp.com.br\/pt\/wp-content\/uploads\/2019\/08\/Foto-1-1.jpg\",\"width\":1880,\"height\":1253},{\"@type\":\"WebPage\",\"@id\":\"https:\/\/insurancecorp.com.br\/pt\/2019\/08\/26\/seguralta-cria-evento-especial-para-compartilhar-expertise-com-corretores\/#webpage\",\"url\":\"https:\/\/insurancecorp.com.br\/pt\/2019\/08\/26\/seguralta-cria-evento-especial-para-compartilhar-expertise-com-corretores\/\",\"name\":\"Seguralta cria evento para compartilhar expertise | Revista Insurance Corp | PT-BR\",\"isPartOf\":{\"@id\":\"https:\/\/insurancecorp.com.br\/pt\/#website\"},\"primaryImageOfPage\":{\"@id\":\"https:\/\/insurancecorp.com.br\/pt\/2019\/08\/26\/seguralta-cria-evento-especial-para-compartilhar-expertise-com-corretores\/#primaryimage\"},\"datePublished\":\"2019-08-26T18:07:24+00:00\",\"dateModified\":\"2019-08-26T18:18:18+00:00\",\"inLanguage\":\"pt-BR\",\"potentialAction\":[{\"@type\":\"ReadAction\",\"target\":[\"https:\/\/insurancecorp.com.br\/pt\/2019\/08\/26\/seguralta-cria-evento-especial-para-compartilhar-expertise-com-corretores\/\"]}]},{\"@type\":\"Article\",\"@id\":\"https:\/\/insurancecorp.com.br\/pt\/2019\/08\/26\/seguralta-cria-evento-especial-para-compartilhar-expertise-com-corretores\/#article\",\"isPartOf\":{\"@id\":\"https:\/\/insurancecorp.com.br\/pt\/2019\/08\/26\/seguralta-cria-evento-especial-para-compartilhar-expertise-com-corretores\/#webpage\"},\"author\":{\"@id\":\"https:\/\/insurancecorp.com.br\/pt\/#\/schema\/person\/1b69c8cf325f0b7167f1b171f52df4af\"},\"headline\":\"Seguralta cria evento para compartilhar expertise\",\"datePublished\":\"2019-08-26T18:07:24+00:00\",\"dateModified\":\"2019-08-26T18:18:18+00:00\",\"mainEntityOfPage\":{\"@id\":\"https:\/\/insurancecorp.com.br\/pt\/2019\/08\/26\/seguralta-cria-evento-especial-para-compartilhar-expertise-com-corretores\/#webpage\"},\"commentCount\":0,\"publisher\":{\"@id\":\"https:\/\/insurancecorp.com.br\/pt\/#organization\"},\"image\":{\"@id\":\"https:\/\/insurancecorp.com.br\/pt\/2019\/08\/26\/seguralta-cria-evento-especial-para-compartilhar-expertise-com-corretores\/#primaryimage\"},\"articleSection\":\"Seguradoras\",\"inLanguage\":\"pt-BR\",\"potentialAction\":[{\"@type\":\"CommentAction\",\"name\":\"Comment\",\"target\":[\"https:\/\/insurancecorp.com.br\/pt\/2019\/08\/26\/seguralta-cria-evento-especial-para-compartilhar-expertise-com-corretores\/#respond\"]}]},{\"@type\":\"Person\",\"@id\":\"https:\/\/insurancecorp.com.br\/pt\/#\/schema\/person\/1b69c8cf325f0b7167f1b171f52df4af\",\"name\":\"Publica\\u00e7\\u00e3o\",\"image\":{\"@type\":\"ImageObject\",\"@id\":\"https:\/\/insurancecorp.com.br\/pt\/#personlogo\",\"inLanguage\":\"pt-BR\",\"url\":\"https:\/\/secure.gravatar.com\/avatar\/17226f1f60486eb25d4c6b301ffed37f?s=96&d=mm&r=g\",\"caption\":\"Publica\\u00e7\\u00e3o\"}}]}<\/script>\n<!-- \/ Yoast SEO plugin. -->","_links":{"self":[{"href":"https:\/\/insurancecorp.com.br\/pt\/wp-json\/wp\/v2\/posts\/10549"}],"collection":[{"href":"https:\/\/insurancecorp.com.br\/pt\/wp-json\/wp\/v2\/posts"}],"about":[{"href":"https:\/\/insurancecorp.com.br\/pt\/wp-json\/wp\/v2\/types\/post"}],"author":[{"embeddable":true,"href":"https:\/\/insurancecorp.com.br\/pt\/wp-json\/wp\/v2\/users\/2"}],"replies":[{"embeddable":true,"href":"https:\/\/insurancecorp.com.br\/pt\/wp-json\/wp\/v2\/comments?post=10549"}],"version-history":[{"count":4,"href":"https:\/\/insurancecorp.com.br\/pt\/wp-json\/wp\/v2\/posts\/10549\/revisions"}],"predecessor-version":[{"id":10556,"href":"https:\/\/insurancecorp.com.br\/pt\/wp-json\/wp\/v2\/posts\/10549\/revisions\/10556"}],"wp:featuredmedia":[{"embeddable":true,"href":"https:\/\/insurancecorp.com.br\/pt\/wp-json\/wp\/v2\/media\/10554"}],"wp:attachment":[{"href":"https:\/\/insurancecorp.com.br\/pt\/wp-json\/wp\/v2\/media?parent=10549"}],"wp:term":[{"taxonomy":"category","embeddable":true,"href":"https:\/\/insurancecorp.com.br\/pt\/wp-json\/wp\/v2\/categories?post=10549"},{"taxonomy":"post_tag","embeddable":true,"href":"https:\/\/insurancecorp.com.br\/pt\/wp-json\/wp\/v2\/tags?post=10549"}],"curies":[{"name":"wp","href":"https:\/\/api.w.org\/{rel}","templated":true}]}}