{"id":10437,"date":"2019-08-22T17:20:18","date_gmt":"2019-08-22T20:20:18","guid":{"rendered":"https:\/\/insurancecorp.com.br\/pt\/?p=10437"},"modified":"2019-08-22T17:20:18","modified_gmt":"2019-08-22T20:20:18","slug":"classic-seguros-vida-e-previdencia-fecha-parceria-com-fintech","status":"publish","type":"post","link":"https:\/\/insurancecorp.com.br\/pt\/2019\/08\/22\/classic-seguros-vida-e-previdencia-fecha-parceria-com-fintech\/","title":{"rendered":"Classic seguros vida e previd\u00eancia fecha parceria com Fintech"},"content":{"rendered":"<p>Para quem ainda n\u00e3o est\u00e1 familiarizado, a TEM \u00e9 um programa particular que oferece servi\u00e7os de atendimento e assist\u00eancia \u00e0 sa\u00fade, com pre\u00e7o reduzido, atrav\u00e9s de seu cart\u00e3o pr\u00e9-pago. Para compara\u00e7\u00e3o, uma consulta particular no valor de R$ 255,00 pode passar a custar at\u00e9 70% menos se o pagamento for realizado por interm\u00e9dio do cart\u00e3o TEM.<\/p>\n<p>Atualmente, a rede j\u00e1 conta com mais de 22 mil tipos de servi\u00e7os credenciados, al\u00e9m de parceiros como a Ultrafarma, Tim, Natura, Sodexo, Oi e Banco BMG. Com isso, os milhares de clientes Classic Seguros poder\u00e3o ter acesso a uma das maiores redes de servi\u00e7os m\u00e9dicos de todo pa\u00eds.<\/p>\n<p><strong>Sobre<\/strong><\/p>\n<p>H\u00e1 mais de 29 anos, a Classic Seguros trabalha para garantir a seguran\u00e7a e estabilidade financeira dos brasileiros atrav\u00e9s da comercializa\u00e7\u00e3o de Seguros de Vida e Previd\u00eancia Privada. Proteger o que \u00e9 importante na vida das pessoas \u00e9 o objetivo maior da empresa.<\/p>\n<p><strong>Comunica\u00e7\u00e3o e Marketing Classic Seguros<\/strong><\/p>\n<p>Foto:\u00a0H\u00e9lio Loreno, CEO da Classic Seguros acompanhado\u00a0de Farid Eid Filho, que compartilha a sociedade da TEM Sa\u00fade com Tuca Ramos e Igor Pinheiro.<\/p>\n","protected":false},"excerpt":{"rendered":"<p>Para quem ainda n\u00e3o est\u00e1 familiarizado, a TEM \u00e9 um programa particular que oferece servi\u00e7os de atendimento e assist\u00eancia \u00e0 sa\u00fade, com pre\u00e7o reduzido, atrav\u00e9s de seu cart\u00e3o pr\u00e9-pago. Para compara\u00e7\u00e3o, uma consulta particular no valor de R$ 255,00 pode passar a custar at\u00e9 70% menos se o pagamento for realizado por interm\u00e9dio do cart\u00e3o [&hellip;]<\/p>\n","protected":false},"author":2,"featured_media":10438,"comment_status":"open","ping_status":"open","sticky":false,"template":"","format":"standard","meta":[],"categories":[293],"tags":[],"jetpack_featured_media_url":"https:\/\/insurancecorp.com.br\/pt\/wp-content\/uploads\/2019\/08\/biomario3-22.png","yoast_head":"<!-- This site is optimized with the Yoast SEO plugin v14.8 - https:\/\/yoast.com\/wordpress\/plugins\/seo\/ -->\n<title>Classic seguros vida e previd\u00eancia fecha parceria com Fintech | Revista Insurance Corp | PT-BR<\/title>\n<meta name=\"robots\" content=\"index, follow\" \/>\n<meta name=\"googlebot\" content=\"index, follow, max-snippet:-1, max-image-preview:large, max-video-preview:-1\" \/>\n<meta name=\"bingbot\" content=\"index, follow, max-snippet:-1, max-image-preview:large, max-video-preview:-1\" \/>\n<link rel=\"canonical\" href=\"https:\/\/insurancecorp.com.br\/pt\/2019\/08\/22\/classic-seguros-vida-e-previdencia-fecha-parceria-com-fintech\/\" \/>\n<meta property=\"og:locale\" content=\"pt_BR\" \/>\n<meta property=\"og:type\" content=\"article\" \/>\n<meta property=\"og:title\" content=\"Classic seguros vida e previd\u00eancia fecha parceria com Fintech | Revista Insurance Corp | PT-BR\" \/>\n<meta property=\"og:description\" content=\"Para quem ainda n\u00e3o est\u00e1 familiarizado, a TEM \u00e9 um programa particular que oferece servi\u00e7os de atendimento e assist\u00eancia \u00e0 sa\u00fade, com pre\u00e7o reduzido, atrav\u00e9s de seu cart\u00e3o pr\u00e9-pago. Para compara\u00e7\u00e3o, uma consulta particular no valor de R$ 255,00 pode passar a custar at\u00e9 70% menos se o pagamento for realizado por interm\u00e9dio do cart\u00e3o [&hellip;]\" \/>\n<meta property=\"og:url\" content=\"https:\/\/insurancecorp.com.br\/pt\/2019\/08\/22\/classic-seguros-vida-e-previdencia-fecha-parceria-com-fintech\/\" \/>\n<meta property=\"og:site_name\" content=\"Revista Insurance Corp | PT-BR\" \/>\n<meta property=\"article:publisher\" content=\"https:\/\/www.facebook.com\/RevistaInsuranceCorp\/\" \/>\n<meta property=\"article:published_time\" content=\"2019-08-22T20:20:18+00:00\" \/>\n<meta property=\"og:image\" content=\"https:\/\/insurancecorp.com.br\/pt\/wp-content\/uploads\/2019\/08\/biomario3-22.png\" \/>\n\t<meta property=\"og:image:width\" content=\"612\" \/>\n\t<meta property=\"og:image:height\" content=\"348\" \/>\n<meta name=\"twitter:card\" content=\"summary\" \/>\n<script type=\"application\/ld+json\" class=\"yoast-schema-graph\">{\"@context\":\"https:\/\/schema.org\",\"@graph\":[{\"@type\":\"Organization\",\"@id\":\"https:\/\/insurancecorp.com.br\/pt\/#organization\",\"name\":\"Revista Insurance Corp\",\"url\":\"https:\/\/insurancecorp.com.br\/pt\/\",\"sameAs\":[\"https:\/\/www.facebook.com\/RevistaInsuranceCorp\/\"],\"logo\":{\"@type\":\"ImageObject\",\"@id\":\"https:\/\/insurancecorp.com.br\/pt\/#logo\",\"inLanguage\":\"pt-BR\",\"url\":\"\",\"caption\":\"Revista Insurance Corp\"},\"image\":{\"@id\":\"https:\/\/insurancecorp.com.br\/pt\/#logo\"}},{\"@type\":\"WebSite\",\"@id\":\"https:\/\/insurancecorp.com.br\/pt\/#website\",\"url\":\"https:\/\/insurancecorp.com.br\/pt\/\",\"name\":\"Revista Insurance Corp | PT-BR\",\"description\":\"A \\u00fanica revista bil\\u00edngue voltada ao mercado de seguro.\",\"publisher\":{\"@id\":\"https:\/\/insurancecorp.com.br\/pt\/#organization\"},\"potentialAction\":[{\"@type\":\"SearchAction\",\"target\":\"https:\/\/insurancecorp.com.br\/pt\/?s={search_term_string}\",\"query-input\":\"required name=search_term_string\"}],\"inLanguage\":\"pt-BR\"},{\"@type\":\"ImageObject\",\"@id\":\"https:\/\/insurancecorp.com.br\/pt\/2019\/08\/22\/classic-seguros-vida-e-previdencia-fecha-parceria-com-fintech\/#primaryimage\",\"inLanguage\":\"pt-BR\",\"url\":\"https:\/\/insurancecorp.com.br\/pt\/wp-content\/uploads\/2019\/08\/biomario3-22.png\",\"width\":612,\"height\":348},{\"@type\":\"WebPage\",\"@id\":\"https:\/\/insurancecorp.com.br\/pt\/2019\/08\/22\/classic-seguros-vida-e-previdencia-fecha-parceria-com-fintech\/#webpage\",\"url\":\"https:\/\/insurancecorp.com.br\/pt\/2019\/08\/22\/classic-seguros-vida-e-previdencia-fecha-parceria-com-fintech\/\",\"name\":\"Classic seguros vida e previd\\u00eancia fecha parceria com Fintech | Revista Insurance Corp | PT-BR\",\"isPartOf\":{\"@id\":\"https:\/\/insurancecorp.com.br\/pt\/#website\"},\"primaryImageOfPage\":{\"@id\":\"https:\/\/insurancecorp.com.br\/pt\/2019\/08\/22\/classic-seguros-vida-e-previdencia-fecha-parceria-com-fintech\/#primaryimage\"},\"datePublished\":\"2019-08-22T20:20:18+00:00\",\"dateModified\":\"2019-08-22T20:20:18+00:00\",\"inLanguage\":\"pt-BR\",\"potentialAction\":[{\"@type\":\"ReadAction\",\"target\":[\"https:\/\/insurancecorp.com.br\/pt\/2019\/08\/22\/classic-seguros-vida-e-previdencia-fecha-parceria-com-fintech\/\"]}]},{\"@type\":\"Article\",\"@id\":\"https:\/\/insurancecorp.com.br\/pt\/2019\/08\/22\/classic-seguros-vida-e-previdencia-fecha-parceria-com-fintech\/#article\",\"isPartOf\":{\"@id\":\"https:\/\/insurancecorp.com.br\/pt\/2019\/08\/22\/classic-seguros-vida-e-previdencia-fecha-parceria-com-fintech\/#webpage\"},\"author\":{\"@id\":\"https:\/\/insurancecorp.com.br\/pt\/#\/schema\/person\/1b69c8cf325f0b7167f1b171f52df4af\"},\"headline\":\"Classic seguros vida e previd\\u00eancia fecha parceria com Fintech\",\"datePublished\":\"2019-08-22T20:20:18+00:00\",\"dateModified\":\"2019-08-22T20:20:18+00:00\",\"mainEntityOfPage\":{\"@id\":\"https:\/\/insurancecorp.com.br\/pt\/2019\/08\/22\/classic-seguros-vida-e-previdencia-fecha-parceria-com-fintech\/#webpage\"},\"commentCount\":0,\"publisher\":{\"@id\":\"https:\/\/insurancecorp.com.br\/pt\/#organization\"},\"image\":{\"@id\":\"https:\/\/insurancecorp.com.br\/pt\/2019\/08\/22\/classic-seguros-vida-e-previdencia-fecha-parceria-com-fintech\/#primaryimage\"},\"articleSection\":\"Classic Seguros\",\"inLanguage\":\"pt-BR\",\"potentialAction\":[{\"@type\":\"CommentAction\",\"name\":\"Comment\",\"target\":[\"https:\/\/insurancecorp.com.br\/pt\/2019\/08\/22\/classic-seguros-vida-e-previdencia-fecha-parceria-com-fintech\/#respond\"]}]},{\"@type\":\"Person\",\"@id\":\"https:\/\/insurancecorp.com.br\/pt\/#\/schema\/person\/1b69c8cf325f0b7167f1b171f52df4af\",\"name\":\"Publica\\u00e7\\u00e3o\",\"image\":{\"@type\":\"ImageObject\",\"@id\":\"https:\/\/insurancecorp.com.br\/pt\/#personlogo\",\"inLanguage\":\"pt-BR\",\"url\":\"https:\/\/secure.gravatar.com\/avatar\/17226f1f60486eb25d4c6b301ffed37f?s=96&d=mm&r=g\",\"caption\":\"Publica\\u00e7\\u00e3o\"}}]}<\/script>\n<!-- \/ Yoast SEO plugin. -->","_links":{"self":[{"href":"https:\/\/insurancecorp.com.br\/pt\/wp-json\/wp\/v2\/posts\/10437"}],"collection":[{"href":"https:\/\/insurancecorp.com.br\/pt\/wp-json\/wp\/v2\/posts"}],"about":[{"href":"https:\/\/insurancecorp.com.br\/pt\/wp-json\/wp\/v2\/types\/post"}],"author":[{"embeddable":true,"href":"https:\/\/insurancecorp.com.br\/pt\/wp-json\/wp\/v2\/users\/2"}],"replies":[{"embeddable":true,"href":"https:\/\/insurancecorp.com.br\/pt\/wp-json\/wp\/v2\/comments?post=10437"}],"version-history":[{"count":2,"href":"https:\/\/insurancecorp.com.br\/pt\/wp-json\/wp\/v2\/posts\/10437\/revisions"}],"predecessor-version":[{"id":10440,"href":"https:\/\/insurancecorp.com.br\/pt\/wp-json\/wp\/v2\/posts\/10437\/revisions\/10440"}],"wp:featuredmedia":[{"embeddable":true,"href":"https:\/\/insurancecorp.com.br\/pt\/wp-json\/wp\/v2\/media\/10438"}],"wp:attachment":[{"href":"https:\/\/insurancecorp.com.br\/pt\/wp-json\/wp\/v2\/media?parent=10437"}],"wp:term":[{"taxonomy":"category","embeddable":true,"href":"https:\/\/insurancecorp.com.br\/pt\/wp-json\/wp\/v2\/categories?post=10437"},{"taxonomy":"post_tag","embeddable":true,"href":"https:\/\/insurancecorp.com.br\/pt\/wp-json\/wp\/v2\/tags?post=10437"}],"curies":[{"name":"wp","href":"https:\/\/api.w.org\/{rel}","templated":true}]}}