{"id":10353,"date":"2019-08-19T17:38:59","date_gmt":"2019-08-19T20:38:59","guid":{"rendered":"https:\/\/insurancecorp.com.br\/pt\/?p=10353"},"modified":"2019-08-19T17:40:49","modified_gmt":"2019-08-19T20:40:49","slug":"programa-recomeco-completa-um-ano","status":"publish","type":"post","link":"https:\/\/insurancecorp.com.br\/pt\/2019\/08\/19\/programa-recomeco-completa-um-ano\/","title":{"rendered":"Programa Recome\u00e7o completa um ano"},"content":{"rendered":"<p>O caminho de volta ao mercado do trabalho, muitas vezes, \u00e9 longo e \u00e1rduo. H\u00e1 um ano, o Programa Recome\u00e7o renova as esperan\u00e7as de v\u00edtimas de acidentes de tr\u00e2nsito de retornar \u00e0 jornada profissional. A iniciativa da Seguradora L\u00edder, lan\u00e7ada em agosto do ano passado, ajuda benefici\u00e1rios do Seguro DPVAT na busca por uma oportunidade de emprego. O Programa Recome\u00e7o conta com uma Plataforma Digital, dispon\u00edvel em <a href=\"https:\/\/urldefense.proofpoint.com\/v2\/url?u=http-3A__www.seguradoralider.com.br_recomeco&amp;d=DwMFAw&amp;c=63k7DFQ5NS45K8Wu5uX9Pd1gEa70c_pznLjIw3OxEiE&amp;r=xSKOGRaV4BigS2hI6T1dLQ&amp;m=Ecw13vkDeEKcFVyAS0KYgXvX6zcsNYvL-5MvuAArMcs&amp;s=ISU7u_0imrFOTH4om5-MmPaLeh2FpuqacRnKoQex9XY&amp;e=\">www.seguradoralider.com.br\/recomeco<\/a>, que permite a oferta de vagas pelas empresas parceiras, que atualmente s\u00e3o 32, e o cadastramento dos interessados em uma nova oportunidade. Hoje, s\u00e3o mais de 570 benefici\u00e1rios registrados no portal, que tamb\u00e9m re\u00fane hist\u00f3rias de supera\u00e7\u00e3o e not\u00edcias sobre inclus\u00e3o no mercado.<\/p>\n<p>O Programa tamb\u00e9m j\u00e1 formou duas turmas em cursos de qualifica\u00e7\u00e3o profissional no setor de Seguros, com aulas ministradas pela Escola Nacional de Seguros (ENS). A \u00faltima capacita\u00e7\u00e3o foi realizada entre junho e julho deste ano e marcou a chegada da iniciativa a S\u00e3o Paulo. J\u00e1 as aulas da turma-piloto, em agosto de 2018, aconteceram no Rio de Janeiro. O conte\u00fado program\u00e1tico do curso abrangeu temas como atendimento ao cliente; conceitos b\u00e1sicos de seguros; l\u00edngua portuguesa; orienta\u00e7\u00e3o profissional; matem\u00e1tica financeira; rotinas administrativas e informa\u00e7\u00e3o b\u00e1sica. Ao todo, foram 84h de forma\u00e7\u00e3o.<\/p>\n<p>\u201cBuscamos a recoloca\u00e7\u00e3o das v\u00edtimas de acidentes de tr\u00e2nsito no mercado de trabalho, principalmente aquelas que ficaram com algum tipo de invalidez permanente. Mas tamb\u00e9m entendemos que o Programa Recome\u00e7o \u00e9 uma oportunidade de renovar as esperan\u00e7as dessas pessoas e de ampliar a janela de oportunidades de emprego. Essa iniciativa \u00e9 motivo de grande alegria para todos da companhia\u201d, afirma Cinthia Zanotelli, gerente de Gest\u00e3o de Talentos da Seguradora L\u00edder.<\/p>\n<p>V\u00edtima de atropelamento, Ana Claudia Nascimento, de 38 anos, participou da segunda turma de qualifica\u00e7\u00e3o do Programa, em S\u00e3o Paulo. \u201cSofri o acidente h\u00e1 sete anos e, aos poucos, fui retomando a minha vida. Mas a parte profissional ainda me abala. Fiquei muito feliz com a oportunidade de participar do Recome\u00e7o. Precisamos, sim, de um projeto como esse para nos dar apoio\u201d, comemora.<\/p>\n<p>Na turma-piloto de 2018, Janilson J\u00fanior foi um dos participantes. Atualmente com 34 anos, ele foi v\u00edtima de dois acidentes de tr\u00e2nsito \u2013 um aos 9 anos de idade e outro em 2010 \u2013 que provocaram sequelas permanentes. \u201cAntes do programa, estava sem expectativas, por estar fora do mercado de trabalho. Agora, sinto que posso voltar a sonhar e concluir a faculdade de Administra\u00e7\u00e3o, que interrompi no sexto per\u00edodo\u201d, afirma ele, que foi um dos primeiros recolocados no mercado por meio do projeto e hoje integra a \u00e1rea Jur\u00eddica da Seguradora L\u00edder.<\/p>\n<p>O Recome\u00e7o \u00e9 destinado a todos os benefici\u00e1rios do Seguro DPVAT. Para fazer parte do banco de dados do programa e acompanhar a abertura das vagas de emprego \u00e9 preciso realizar o cadastramento do curr\u00edculo no Portal de Oportunidades (<a href=\"https:\/\/urldefense.proofpoint.com\/v2\/url?u=http-3A__www.seguradoralider.com.br_recomeco&amp;d=DwMFAw&amp;c=63k7DFQ5NS45K8Wu5uX9Pd1gEa70c_pznLjIw3OxEiE&amp;r=xSKOGRaV4BigS2hI6T1dLQ&amp;m=Ecw13vkDeEKcFVyAS0KYgXvX6zcsNYvL-5MvuAArMcs&amp;s=ISU7u_0imrFOTH4om5-MmPaLeh2FpuqacRnKoQex9XY&amp;e=\">www.seguradoralider.com.br\/recomeco<\/a>). A plataforma tamb\u00e9m est\u00e1 dispon\u00edvel para oferta de vagas de qualquer empresa que queira integrar o projeto. Basta enviar o cadastro pelo e-mail <a href=\"mailto:recomeco@seguradoralider.com.br\">recomeco@seguradoralider.com.br<\/a>.<\/p>\n<p><strong>CDN Comunica\u00e7\u00e3o<\/strong><\/p>\n","protected":false},"excerpt":{"rendered":"<p>O caminho de volta ao mercado do trabalho, muitas vezes, \u00e9 longo e \u00e1rduo. H\u00e1 um ano, o Programa Recome\u00e7o renova as esperan\u00e7as de v\u00edtimas de acidentes de tr\u00e2nsito de retornar \u00e0 jornada profissional. A iniciativa da Seguradora L\u00edder, lan\u00e7ada em agosto do ano passado, ajuda benefici\u00e1rios do Seguro DPVAT na busca por uma oportunidade [&hellip;]<\/p>\n","protected":false},"author":2,"featured_media":10355,"comment_status":"open","ping_status":"open","sticky":false,"template":"","format":"standard","meta":[],"categories":[147],"tags":[],"jetpack_featured_media_url":"https:\/\/insurancecorp.com.br\/pt\/wp-content\/uploads\/2019\/08\/Risorama-2.jpg","yoast_head":"<!-- This site is optimized with the Yoast SEO plugin v14.8 - https:\/\/yoast.com\/wordpress\/plugins\/seo\/ -->\n<title>Programa Recome\u00e7o completa um ano | Revista Insurance Corp | PT-BR<\/title>\n<meta name=\"robots\" content=\"index, follow\" \/>\n<meta name=\"googlebot\" content=\"index, follow, max-snippet:-1, max-image-preview:large, max-video-preview:-1\" \/>\n<meta name=\"bingbot\" content=\"index, follow, max-snippet:-1, max-image-preview:large, max-video-preview:-1\" \/>\n<link rel=\"canonical\" href=\"https:\/\/insurancecorp.com.br\/pt\/2019\/08\/19\/programa-recomeco-completa-um-ano\/\" \/>\n<meta property=\"og:locale\" content=\"pt_BR\" \/>\n<meta property=\"og:type\" content=\"article\" \/>\n<meta property=\"og:title\" content=\"Programa Recome\u00e7o completa um ano | Revista Insurance Corp | PT-BR\" \/>\n<meta property=\"og:description\" content=\"O caminho de volta ao mercado do trabalho, muitas vezes, \u00e9 longo e \u00e1rduo. H\u00e1 um ano, o Programa Recome\u00e7o renova as esperan\u00e7as de v\u00edtimas de acidentes de tr\u00e2nsito de retornar \u00e0 jornada profissional. A iniciativa da Seguradora L\u00edder, lan\u00e7ada em agosto do ano passado, ajuda benefici\u00e1rios do Seguro DPVAT na busca por uma oportunidade [&hellip;]\" \/>\n<meta property=\"og:url\" content=\"https:\/\/insurancecorp.com.br\/pt\/2019\/08\/19\/programa-recomeco-completa-um-ano\/\" \/>\n<meta property=\"og:site_name\" content=\"Revista Insurance Corp | PT-BR\" \/>\n<meta property=\"article:publisher\" content=\"https:\/\/www.facebook.com\/RevistaInsuranceCorp\/\" \/>\n<meta property=\"article:published_time\" content=\"2019-08-19T20:38:59+00:00\" \/>\n<meta property=\"article:modified_time\" content=\"2019-08-19T20:40:49+00:00\" \/>\n<meta property=\"og:image\" content=\"https:\/\/insurancecorp.com.br\/pt\/wp-content\/uploads\/2019\/08\/Risorama-2.jpg\" \/>\n\t<meta property=\"og:image:width\" content=\"1000\" \/>\n\t<meta property=\"og:image:height\" content=\"667\" \/>\n<meta name=\"twitter:card\" content=\"summary\" \/>\n<script type=\"application\/ld+json\" class=\"yoast-schema-graph\">{\"@context\":\"https:\/\/schema.org\",\"@graph\":[{\"@type\":\"Organization\",\"@id\":\"https:\/\/insurancecorp.com.br\/pt\/#organization\",\"name\":\"Revista Insurance Corp\",\"url\":\"https:\/\/insurancecorp.com.br\/pt\/\",\"sameAs\":[\"https:\/\/www.facebook.com\/RevistaInsuranceCorp\/\"],\"logo\":{\"@type\":\"ImageObject\",\"@id\":\"https:\/\/insurancecorp.com.br\/pt\/#logo\",\"inLanguage\":\"pt-BR\",\"url\":\"\",\"caption\":\"Revista Insurance Corp\"},\"image\":{\"@id\":\"https:\/\/insurancecorp.com.br\/pt\/#logo\"}},{\"@type\":\"WebSite\",\"@id\":\"https:\/\/insurancecorp.com.br\/pt\/#website\",\"url\":\"https:\/\/insurancecorp.com.br\/pt\/\",\"name\":\"Revista Insurance Corp | PT-BR\",\"description\":\"A \\u00fanica revista bil\\u00edngue voltada ao mercado de seguro.\",\"publisher\":{\"@id\":\"https:\/\/insurancecorp.com.br\/pt\/#organization\"},\"potentialAction\":[{\"@type\":\"SearchAction\",\"target\":\"https:\/\/insurancecorp.com.br\/pt\/?s={search_term_string}\",\"query-input\":\"required name=search_term_string\"}],\"inLanguage\":\"pt-BR\"},{\"@type\":\"ImageObject\",\"@id\":\"https:\/\/insurancecorp.com.br\/pt\/2019\/08\/19\/programa-recomeco-completa-um-ano\/#primaryimage\",\"inLanguage\":\"pt-BR\",\"url\":\"https:\/\/insurancecorp.com.br\/pt\/wp-content\/uploads\/2019\/08\/Risorama-2.jpg\",\"width\":1000,\"height\":667},{\"@type\":\"WebPage\",\"@id\":\"https:\/\/insurancecorp.com.br\/pt\/2019\/08\/19\/programa-recomeco-completa-um-ano\/#webpage\",\"url\":\"https:\/\/insurancecorp.com.br\/pt\/2019\/08\/19\/programa-recomeco-completa-um-ano\/\",\"name\":\"Programa Recome\\u00e7o completa um ano | Revista Insurance Corp | PT-BR\",\"isPartOf\":{\"@id\":\"https:\/\/insurancecorp.com.br\/pt\/#website\"},\"primaryImageOfPage\":{\"@id\":\"https:\/\/insurancecorp.com.br\/pt\/2019\/08\/19\/programa-recomeco-completa-um-ano\/#primaryimage\"},\"datePublished\":\"2019-08-19T20:38:59+00:00\",\"dateModified\":\"2019-08-19T20:40:49+00:00\",\"inLanguage\":\"pt-BR\",\"potentialAction\":[{\"@type\":\"ReadAction\",\"target\":[\"https:\/\/insurancecorp.com.br\/pt\/2019\/08\/19\/programa-recomeco-completa-um-ano\/\"]}]},{\"@type\":\"Article\",\"@id\":\"https:\/\/insurancecorp.com.br\/pt\/2019\/08\/19\/programa-recomeco-completa-um-ano\/#article\",\"isPartOf\":{\"@id\":\"https:\/\/insurancecorp.com.br\/pt\/2019\/08\/19\/programa-recomeco-completa-um-ano\/#webpage\"},\"author\":{\"@id\":\"https:\/\/insurancecorp.com.br\/pt\/#\/schema\/person\/1b69c8cf325f0b7167f1b171f52df4af\"},\"headline\":\"Programa Recome\\u00e7o completa um ano\",\"datePublished\":\"2019-08-19T20:38:59+00:00\",\"dateModified\":\"2019-08-19T20:40:49+00:00\",\"mainEntityOfPage\":{\"@id\":\"https:\/\/insurancecorp.com.br\/pt\/2019\/08\/19\/programa-recomeco-completa-um-ano\/#webpage\"},\"commentCount\":0,\"publisher\":{\"@id\":\"https:\/\/insurancecorp.com.br\/pt\/#organization\"},\"image\":{\"@id\":\"https:\/\/insurancecorp.com.br\/pt\/2019\/08\/19\/programa-recomeco-completa-um-ano\/#primaryimage\"},\"articleSection\":\"L\\u00edder\",\"inLanguage\":\"pt-BR\",\"potentialAction\":[{\"@type\":\"CommentAction\",\"name\":\"Comment\",\"target\":[\"https:\/\/insurancecorp.com.br\/pt\/2019\/08\/19\/programa-recomeco-completa-um-ano\/#respond\"]}]},{\"@type\":\"Person\",\"@id\":\"https:\/\/insurancecorp.com.br\/pt\/#\/schema\/person\/1b69c8cf325f0b7167f1b171f52df4af\",\"name\":\"Publica\\u00e7\\u00e3o\",\"image\":{\"@type\":\"ImageObject\",\"@id\":\"https:\/\/insurancecorp.com.br\/pt\/#personlogo\",\"inLanguage\":\"pt-BR\",\"url\":\"https:\/\/secure.gravatar.com\/avatar\/17226f1f60486eb25d4c6b301ffed37f?s=96&d=mm&r=g\",\"caption\":\"Publica\\u00e7\\u00e3o\"}}]}<\/script>\n<!-- \/ Yoast SEO plugin. -->","_links":{"self":[{"href":"https:\/\/insurancecorp.com.br\/pt\/wp-json\/wp\/v2\/posts\/10353"}],"collection":[{"href":"https:\/\/insurancecorp.com.br\/pt\/wp-json\/wp\/v2\/posts"}],"about":[{"href":"https:\/\/insurancecorp.com.br\/pt\/wp-json\/wp\/v2\/types\/post"}],"author":[{"embeddable":true,"href":"https:\/\/insurancecorp.com.br\/pt\/wp-json\/wp\/v2\/users\/2"}],"replies":[{"embeddable":true,"href":"https:\/\/insurancecorp.com.br\/pt\/wp-json\/wp\/v2\/comments?post=10353"}],"version-history":[{"count":1,"href":"https:\/\/insurancecorp.com.br\/pt\/wp-json\/wp\/v2\/posts\/10353\/revisions"}],"predecessor-version":[{"id":10356,"href":"https:\/\/insurancecorp.com.br\/pt\/wp-json\/wp\/v2\/posts\/10353\/revisions\/10356"}],"wp:featuredmedia":[{"embeddable":true,"href":"https:\/\/insurancecorp.com.br\/pt\/wp-json\/wp\/v2\/media\/10355"}],"wp:attachment":[{"href":"https:\/\/insurancecorp.com.br\/pt\/wp-json\/wp\/v2\/media?parent=10353"}],"wp:term":[{"taxonomy":"category","embeddable":true,"href":"https:\/\/insurancecorp.com.br\/pt\/wp-json\/wp\/v2\/categories?post=10353"},{"taxonomy":"post_tag","embeddable":true,"href":"https:\/\/insurancecorp.com.br\/pt\/wp-json\/wp\/v2\/tags?post=10353"}],"curies":[{"name":"wp","href":"https:\/\/api.w.org\/{rel}","templated":true}]}}