{"id":10348,"date":"2019-08-19T16:08:53","date_gmt":"2019-08-19T19:08:53","guid":{"rendered":"https:\/\/insurancecorp.com.br\/pt\/?p=10348"},"modified":"2019-08-19T17:21:35","modified_gmt":"2019-08-19T20:21:35","slug":"a-escola-nacional-de-seguros-tem-o-prazer-de-convidar-para-abertura-do-2o-semestre","status":"publish","type":"post","link":"https:\/\/insurancecorp.com.br\/pt\/2019\/08\/19\/a-escola-nacional-de-seguros-tem-o-prazer-de-convidar-para-abertura-do-2o-semestre\/","title":{"rendered":"A Escola Nacional de Seguros tem o prazer de convidar para abertura do 2\u00ba semestre"},"content":{"rendered":"<p class=\"x_MsoNormal\">O evento ser\u00e1 marcado com a palestra\u00a0\u00a0<b><i>&#8220;O Desenvolvimento do Mercado de Seguros no Brasil: Regula\u00e7\u00e3o e Oportunidades&#8221;<\/i><\/b>\u00a0pela\u00a0<b>Solange Vieira<\/b>, superintendente da Superintend\u00eancia de Seguros Privados (Susep).<\/p>\n<p class=\"x_MsoNormal\">Solange Vieira \u00e9 economista e possui mestrado em economia, com concentra\u00e7\u00e3o na \u00e1rea de finan\u00e7as, na Funda\u00e7\u00e3o Get\u00falio Vargas (FGV-Rio). Sua experi\u00eancia profissional \u00e9 diversificada, tendo ocupado cargos relevantes tanto no setor p\u00fablico como no setor privado. Em sua carreira, Solange participou de grandes projetos do Governo, como a reforma da Previd\u00eancia em 2000, com a cria\u00e7\u00e3o do fator previdenci\u00e1rio e, mais recentemente, da cria\u00e7\u00e3o da Nova Previd\u00eancia. Foi secret\u00e1ria de Previd\u00eancia Complementar e secret\u00e1ria de Administra\u00e7\u00e3o da Advocacia-Geral da Uni\u00e3o (AGU). No Supremo Tribunal Federal (STF), atuou como assessora da presid\u00eancia. Presidiu a Ag\u00eancia Nacional de Avia\u00e7\u00e3o (Anac). Foi chefe do gabinete da presid\u00eancia do BNDES, onde tamb\u00e9m foi presidente do Fundo de Assist\u00eancia e Previd\u00eancia Social (Fapes).<\/p>\n<p class=\"x_MsoNormal\"><b>Data: 29\/08\/2019, \u00e0s 18h30<\/b><\/p>\n<p class=\"x_MsoNormal\"><b>Local: Escola Nacional de Seguros &#8211; S\u00e3o Paulo<\/b><\/p>\n<p class=\"x_MsoNormal\"><b>Endere\u00e7o: Rua Augusta, 1.600 \/ 2\u00ba andar \u2013 Audit\u00f3rio &#8211; Consola\u00e7\u00e3o \u2013 S\u00e3o Paulo<\/b><\/p>\n<p class=\"x_MsoNormal\"><b>Para inscri\u00e7\u00e3o, favor acessar o seguinte link:<\/b><a id=\"LPlnk526966\" href=\"https:\/\/www.ens.edu.br\/eventos\/detalhes\/aula-magna-dos-cursos-graduacao-e-pos-graduacao-segundo-semestre-20192?local=2\" target=\"_blank\" rel=\"noopener noreferrer\" data-auth=\"NotApplicable\">https:\/\/www.ens.edu.br\/eventos\/detalhes\/aula-magna-dos-cursos-graduacao-e-pos-graduacao-segundo-semestre-20192?loca<\/a><\/p>\n<p><strong>Comunica\u00e7\u00e3o Escola Nacional de Seguros<\/strong><\/p>\n","protected":false},"excerpt":{"rendered":"<p>O evento ser\u00e1 marcado com a palestra\u00a0\u00a0&#8220;O Desenvolvimento do Mercado de Seguros no Brasil: Regula\u00e7\u00e3o e Oportunidades&#8221;\u00a0pela\u00a0Solange Vieira, superintendente da Superintend\u00eancia de Seguros Privados (Susep). Solange Vieira \u00e9 economista e possui mestrado em economia, com concentra\u00e7\u00e3o na \u00e1rea de finan\u00e7as, na Funda\u00e7\u00e3o Get\u00falio Vargas (FGV-Rio). Sua experi\u00eancia profissional \u00e9 diversificada, tendo ocupado cargos relevantes tanto [&hellip;]<\/p>\n","protected":false},"author":2,"featured_media":10352,"comment_status":"open","ping_status":"open","sticky":false,"template":"","format":"standard","meta":[],"categories":[118],"tags":[],"jetpack_featured_media_url":"https:\/\/insurancecorp.com.br\/pt\/wp-content\/uploads\/2019\/08\/axa3-1.jpeg","yoast_head":"<!-- This site is optimized with the Yoast SEO plugin v14.8 - https:\/\/yoast.com\/wordpress\/plugins\/seo\/ -->\n<title>A Escola Nacional de Seguros tem o prazer de convidar para abertura do 2\u00ba semestre | Revista Insurance Corp | PT-BR<\/title>\n<meta name=\"robots\" content=\"index, follow\" \/>\n<meta name=\"googlebot\" content=\"index, follow, max-snippet:-1, max-image-preview:large, max-video-preview:-1\" \/>\n<meta name=\"bingbot\" content=\"index, follow, max-snippet:-1, max-image-preview:large, max-video-preview:-1\" \/>\n<link rel=\"canonical\" href=\"https:\/\/insurancecorp.com.br\/pt\/2019\/08\/19\/a-escola-nacional-de-seguros-tem-o-prazer-de-convidar-para-abertura-do-2o-semestre\/\" \/>\n<meta property=\"og:locale\" content=\"pt_BR\" \/>\n<meta property=\"og:type\" content=\"article\" \/>\n<meta property=\"og:title\" content=\"A Escola Nacional de Seguros tem o prazer de convidar para abertura do 2\u00ba semestre | Revista Insurance Corp | PT-BR\" \/>\n<meta property=\"og:description\" content=\"O evento ser\u00e1 marcado com a palestra\u00a0\u00a0&#8220;O Desenvolvimento do Mercado de Seguros no Brasil: Regula\u00e7\u00e3o e Oportunidades&#8221;\u00a0pela\u00a0Solange Vieira, superintendente da Superintend\u00eancia de Seguros Privados (Susep). Solange Vieira \u00e9 economista e possui mestrado em economia, com concentra\u00e7\u00e3o na \u00e1rea de finan\u00e7as, na Funda\u00e7\u00e3o Get\u00falio Vargas (FGV-Rio). Sua experi\u00eancia profissional \u00e9 diversificada, tendo ocupado cargos relevantes tanto [&hellip;]\" \/>\n<meta property=\"og:url\" content=\"https:\/\/insurancecorp.com.br\/pt\/2019\/08\/19\/a-escola-nacional-de-seguros-tem-o-prazer-de-convidar-para-abertura-do-2o-semestre\/\" \/>\n<meta property=\"og:site_name\" content=\"Revista Insurance Corp | PT-BR\" \/>\n<meta property=\"article:publisher\" content=\"https:\/\/www.facebook.com\/RevistaInsuranceCorp\/\" \/>\n<meta property=\"article:published_time\" content=\"2019-08-19T19:08:53+00:00\" \/>\n<meta property=\"article:modified_time\" content=\"2019-08-19T20:21:35+00:00\" \/>\n<meta property=\"og:image\" content=\"https:\/\/insurancecorp.com.br\/pt\/wp-content\/uploads\/2019\/08\/axa3-1.jpeg\" \/>\n\t<meta property=\"og:image:width\" content=\"678\" \/>\n\t<meta property=\"og:image:height\" content=\"381\" \/>\n<meta name=\"twitter:card\" content=\"summary\" \/>\n<script type=\"application\/ld+json\" class=\"yoast-schema-graph\">{\"@context\":\"https:\/\/schema.org\",\"@graph\":[{\"@type\":\"Organization\",\"@id\":\"https:\/\/insurancecorp.com.br\/pt\/#organization\",\"name\":\"Revista Insurance Corp\",\"url\":\"https:\/\/insurancecorp.com.br\/pt\/\",\"sameAs\":[\"https:\/\/www.facebook.com\/RevistaInsuranceCorp\/\"],\"logo\":{\"@type\":\"ImageObject\",\"@id\":\"https:\/\/insurancecorp.com.br\/pt\/#logo\",\"inLanguage\":\"pt-BR\",\"url\":\"\",\"caption\":\"Revista Insurance Corp\"},\"image\":{\"@id\":\"https:\/\/insurancecorp.com.br\/pt\/#logo\"}},{\"@type\":\"WebSite\",\"@id\":\"https:\/\/insurancecorp.com.br\/pt\/#website\",\"url\":\"https:\/\/insurancecorp.com.br\/pt\/\",\"name\":\"Revista Insurance Corp | PT-BR\",\"description\":\"A \\u00fanica revista bil\\u00edngue voltada ao mercado de seguro.\",\"publisher\":{\"@id\":\"https:\/\/insurancecorp.com.br\/pt\/#organization\"},\"potentialAction\":[{\"@type\":\"SearchAction\",\"target\":\"https:\/\/insurancecorp.com.br\/pt\/?s={search_term_string}\",\"query-input\":\"required name=search_term_string\"}],\"inLanguage\":\"pt-BR\"},{\"@type\":\"ImageObject\",\"@id\":\"https:\/\/insurancecorp.com.br\/pt\/2019\/08\/19\/a-escola-nacional-de-seguros-tem-o-prazer-de-convidar-para-abertura-do-2o-semestre\/#primaryimage\",\"inLanguage\":\"pt-BR\",\"url\":\"https:\/\/insurancecorp.com.br\/pt\/wp-content\/uploads\/2019\/08\/axa3-1.jpeg\",\"width\":678,\"height\":381},{\"@type\":\"WebPage\",\"@id\":\"https:\/\/insurancecorp.com.br\/pt\/2019\/08\/19\/a-escola-nacional-de-seguros-tem-o-prazer-de-convidar-para-abertura-do-2o-semestre\/#webpage\",\"url\":\"https:\/\/insurancecorp.com.br\/pt\/2019\/08\/19\/a-escola-nacional-de-seguros-tem-o-prazer-de-convidar-para-abertura-do-2o-semestre\/\",\"name\":\"A Escola Nacional de Seguros tem o prazer de convidar para abertura do 2\\u00ba semestre | Revista Insurance Corp | PT-BR\",\"isPartOf\":{\"@id\":\"https:\/\/insurancecorp.com.br\/pt\/#website\"},\"primaryImageOfPage\":{\"@id\":\"https:\/\/insurancecorp.com.br\/pt\/2019\/08\/19\/a-escola-nacional-de-seguros-tem-o-prazer-de-convidar-para-abertura-do-2o-semestre\/#primaryimage\"},\"datePublished\":\"2019-08-19T19:08:53+00:00\",\"dateModified\":\"2019-08-19T20:21:35+00:00\",\"inLanguage\":\"pt-BR\",\"potentialAction\":[{\"@type\":\"ReadAction\",\"target\":[\"https:\/\/insurancecorp.com.br\/pt\/2019\/08\/19\/a-escola-nacional-de-seguros-tem-o-prazer-de-convidar-para-abertura-do-2o-semestre\/\"]}]},{\"@type\":\"Article\",\"@id\":\"https:\/\/insurancecorp.com.br\/pt\/2019\/08\/19\/a-escola-nacional-de-seguros-tem-o-prazer-de-convidar-para-abertura-do-2o-semestre\/#article\",\"isPartOf\":{\"@id\":\"https:\/\/insurancecorp.com.br\/pt\/2019\/08\/19\/a-escola-nacional-de-seguros-tem-o-prazer-de-convidar-para-abertura-do-2o-semestre\/#webpage\"},\"author\":{\"@id\":\"https:\/\/insurancecorp.com.br\/pt\/#\/schema\/person\/1b69c8cf325f0b7167f1b171f52df4af\"},\"headline\":\"A Escola Nacional de Seguros tem o prazer de convidar para abertura do 2\\u00ba semestre\",\"datePublished\":\"2019-08-19T19:08:53+00:00\",\"dateModified\":\"2019-08-19T20:21:35+00:00\",\"mainEntityOfPage\":{\"@id\":\"https:\/\/insurancecorp.com.br\/pt\/2019\/08\/19\/a-escola-nacional-de-seguros-tem-o-prazer-de-convidar-para-abertura-do-2o-semestre\/#webpage\"},\"commentCount\":0,\"publisher\":{\"@id\":\"https:\/\/insurancecorp.com.br\/pt\/#organization\"},\"image\":{\"@id\":\"https:\/\/insurancecorp.com.br\/pt\/2019\/08\/19\/a-escola-nacional-de-seguros-tem-o-prazer-de-convidar-para-abertura-do-2o-semestre\/#primaryimage\"},\"articleSection\":\"Escola Nacional de Seguros\",\"inLanguage\":\"pt-BR\",\"potentialAction\":[{\"@type\":\"CommentAction\",\"name\":\"Comment\",\"target\":[\"https:\/\/insurancecorp.com.br\/pt\/2019\/08\/19\/a-escola-nacional-de-seguros-tem-o-prazer-de-convidar-para-abertura-do-2o-semestre\/#respond\"]}]},{\"@type\":\"Person\",\"@id\":\"https:\/\/insurancecorp.com.br\/pt\/#\/schema\/person\/1b69c8cf325f0b7167f1b171f52df4af\",\"name\":\"Publica\\u00e7\\u00e3o\",\"image\":{\"@type\":\"ImageObject\",\"@id\":\"https:\/\/insurancecorp.com.br\/pt\/#personlogo\",\"inLanguage\":\"pt-BR\",\"url\":\"https:\/\/secure.gravatar.com\/avatar\/17226f1f60486eb25d4c6b301ffed37f?s=96&d=mm&r=g\",\"caption\":\"Publica\\u00e7\\u00e3o\"}}]}<\/script>\n<!-- \/ Yoast SEO plugin. -->","_links":{"self":[{"href":"https:\/\/insurancecorp.com.br\/pt\/wp-json\/wp\/v2\/posts\/10348"}],"collection":[{"href":"https:\/\/insurancecorp.com.br\/pt\/wp-json\/wp\/v2\/posts"}],"about":[{"href":"https:\/\/insurancecorp.com.br\/pt\/wp-json\/wp\/v2\/types\/post"}],"author":[{"embeddable":true,"href":"https:\/\/insurancecorp.com.br\/pt\/wp-json\/wp\/v2\/users\/2"}],"replies":[{"embeddable":true,"href":"https:\/\/insurancecorp.com.br\/pt\/wp-json\/wp\/v2\/comments?post=10348"}],"version-history":[{"count":1,"href":"https:\/\/insurancecorp.com.br\/pt\/wp-json\/wp\/v2\/posts\/10348\/revisions"}],"predecessor-version":[{"id":10351,"href":"https:\/\/insurancecorp.com.br\/pt\/wp-json\/wp\/v2\/posts\/10348\/revisions\/10351"}],"wp:featuredmedia":[{"embeddable":true,"href":"https:\/\/insurancecorp.com.br\/pt\/wp-json\/wp\/v2\/media\/10352"}],"wp:attachment":[{"href":"https:\/\/insurancecorp.com.br\/pt\/wp-json\/wp\/v2\/media?parent=10348"}],"wp:term":[{"taxonomy":"category","embeddable":true,"href":"https:\/\/insurancecorp.com.br\/pt\/wp-json\/wp\/v2\/categories?post=10348"},{"taxonomy":"post_tag","embeddable":true,"href":"https:\/\/insurancecorp.com.br\/pt\/wp-json\/wp\/v2\/tags?post=10348"}],"curies":[{"name":"wp","href":"https:\/\/api.w.org\/{rel}","templated":true}]}}