{"id":10264,"date":"2019-08-13T17:38:16","date_gmt":"2019-08-13T20:38:16","guid":{"rendered":"https:\/\/insurancecorp.com.br\/pt\/?p=10264"},"modified":"2019-08-13T17:43:10","modified_gmt":"2019-08-13T20:43:10","slug":"volta-as-aulas-exige-atencao-redobrada-no-transito","status":"publish","type":"post","link":"https:\/\/insurancecorp.com.br\/pt\/2019\/08\/13\/volta-as-aulas-exige-atencao-redobrada-no-transito\/","title":{"rendered":"Volta \u00e0s aulas exige aten\u00e7\u00e3o redobrada no tr\u00e2nsito"},"content":{"rendered":"<p class=\"xmsonormal\" style=\"text-align: justify; line-height: 150%; background: white;\"><span style=\"font-size: 11.0pt; line-height: 150%; font-family: 'Calibri',sans-serif;\">O fim das f\u00e9rias escolares \u00e9 sinal tamb\u00e9m de tr\u00e2nsito mais confuso. Com o retorno \u00e0s aulas e a volta da rotina de pais, crian\u00e7as e adolescentes, \u00e9 comum o aumento do fluxo de pessoas e ve\u00edculos nas ruas, dos congestionamentos e, consequentemente, dos riscos de acidentes. O per\u00edodo exige paci\u00eancia, cuidado e aten\u00e7\u00e3o redobrada de motoristas e pedestres que circulam, principalmente, ao redor das escolas. Dados da Seguradora L\u00edder mostram que, apenas neste ano, de janeiro a junho, 6.084 v\u00edtimas entre 0 e 17 anos foram indenizadas pelo Seguro DPVAT em todo o pa\u00eds.<\/span><\/p>\n<p class=\"xmsonormal\" style=\"text-align: justify; line-height: 150%; background: white;\"><span style=\"font-size: 11.0pt; line-height: 150%; font-family: 'Calibri',sans-serif;\">\u00a0<\/span><span style=\"font-size: 11.0pt; line-height: 150%; font-family: 'Calibri',sans-serif;\">De acordo com o levantamento, entre as crian\u00e7as e adolescentes, foram 964 mortes e 4.231 ficaram com algum tipo de invalidez permanente. Al\u00e9m disso, a maioria estava na condi\u00e7\u00e3o de pedestre no momento do acidente (3.467). As motocicletas foram respons\u00e1veis pela maior parte das ocorr\u00eancias. Foram 3.342 indeniza\u00e7\u00f5es envolvendo este tipo de ve\u00edculo. Em seguida, aparecem os sinistros com autom\u00f3veis: 2.161 casos. Minas Gerais (628), S\u00e3o Paulo (617), Cear\u00e1 (422), Paran\u00e1 (392) e Maranh\u00e3o (361) foram os estados que tiveram mais benef\u00edcios pagos a v\u00edtimas entre 0 e 17 anos neste primeiro semestre.<\/span><\/p>\n<p class=\"xmsonormal\" style=\"text-align: justify; line-height: 150%; background: white;\"><span style=\"font-size: 11.0pt; line-height: 150%; font-family: 'Calibri',sans-serif;\">\u00a0<\/span><span style=\"font-size: 11.0pt; line-height: 150%; font-family: 'Calibri',sans-serif;\">Os especialistas garantem que um dos pontos mais importantes para a redu\u00e7\u00e3o dos n\u00fameros \u00e9 atuar de forma preventiva onde h\u00e1 grande fluxo de crian\u00e7as e adolescentes. Sinaliza\u00e7\u00e3o adequada, fiscaliza\u00e7\u00e3o, a presen\u00e7a de guardas de tr\u00e2nsito e investimento em informa\u00e7\u00f5es para os estudantes podem ser medidas que ajudam a diminuir os acidentes. Para o superintendente de Opera\u00e7\u00f5es da Seguradora L\u00edder, Arthur Froes, \u00e9 fundamental que todos estejam atentos.<\/span><\/p>\n<p class=\"xmsonormal\" style=\"text-align: justify; line-height: 150%; background: white;\"><span style=\"font-size: 11.0pt; line-height: 150%; font-family: 'Calibri',sans-serif;\">\u00a0<\/span><span style=\"font-size: 11.0pt; line-height: 150%; font-family: 'Calibri',sans-serif;\">\u201cO ideal \u00e9 que os pais se programem para sair mais cedo de casa e, assim, evitem a correria no tr\u00e2nsito. O uso adequado dos equipamentos de seguran\u00e7a tamb\u00e9m faz toda a diferen\u00e7a. A cadeirinha, o cinto de seguran\u00e7a e o capacete, no caso das motocicletas, s\u00e3o itens obrigat\u00f3rios. J\u00e1 os pedestres devem ficar atentos \u00e0 sinaliza\u00e7\u00e3o e sempre usar a faixa para a travessia nas ruas\u201d, ressalta.<\/span><\/p>\n<p class=\"xmsonormal\" style=\"text-align: justify; line-height: 150%; background: white;\"><span style=\"font-size: 11.0pt; line-height: 150%; font-family: 'Calibri',sans-serif;\">\u00a0<\/span><span style=\"font-size: 11.0pt; line-height: 150%; font-family: 'Calibri',sans-serif;\">Com a volta \u00e0s aulas, alguns munic\u00edpios, como Rio de Janeiro e Goi\u00e2nia, adotaram, na \u00faltima semana, esquemas especiais com o apoio de agentes de tr\u00e2nsito para autuar quem desrespeitar as leis na porta das escolas e tamb\u00e9m distribuir folhetos com dicas de seguran\u00e7a como forma de preven\u00e7\u00e3o.<\/span><\/p>\n<p class=\"xmsonormal\" style=\"text-align: justify; line-height: 150%; background: white;\"><span style=\"font-size: 11.0pt; line-height: 150%; font-family: 'Calibri',sans-serif;\">\u00a0<strong>Assessoria de Imprensa Lider<\/strong><\/span><\/p>\n<p>Foto: Prefeitura de Corumb\u00e1 (site)<\/p>\n","protected":false},"excerpt":{"rendered":"<p>O fim das f\u00e9rias escolares \u00e9 sinal tamb\u00e9m de tr\u00e2nsito mais confuso. Com o retorno \u00e0s aulas e a volta da rotina de pais, crian\u00e7as e adolescentes, \u00e9 comum o aumento do fluxo de pessoas e ve\u00edculos nas ruas, dos congestionamentos e, consequentemente, dos riscos de acidentes. O per\u00edodo exige paci\u00eancia, cuidado e aten\u00e7\u00e3o redobrada [&hellip;]<\/p>\n","protected":false},"author":2,"featured_media":10265,"comment_status":"open","ping_status":"open","sticky":false,"template":"","format":"standard","meta":[],"categories":[147],"tags":[],"jetpack_featured_media_url":"https:\/\/insurancecorp.com.br\/pt\/wp-content\/uploads\/2019\/08\/THINKSEG_476Deborah-Reis-deborah@sevenpr.com_.br_-1.jpg","yoast_head":"<!-- This site is optimized with the Yoast SEO plugin v14.8 - https:\/\/yoast.com\/wordpress\/plugins\/seo\/ -->\n<title>Volta \u00e0s aulas exige aten\u00e7\u00e3o redobrada no tr\u00e2nsito | Revista Insurance Corp | PT-BR<\/title>\n<meta name=\"robots\" content=\"index, follow\" \/>\n<meta name=\"googlebot\" content=\"index, follow, max-snippet:-1, max-image-preview:large, max-video-preview:-1\" \/>\n<meta name=\"bingbot\" content=\"index, follow, max-snippet:-1, max-image-preview:large, max-video-preview:-1\" \/>\n<link rel=\"canonical\" href=\"https:\/\/insurancecorp.com.br\/pt\/2019\/08\/13\/volta-as-aulas-exige-atencao-redobrada-no-transito\/\" \/>\n<meta property=\"og:locale\" content=\"pt_BR\" \/>\n<meta property=\"og:type\" content=\"article\" \/>\n<meta property=\"og:title\" content=\"Volta \u00e0s aulas exige aten\u00e7\u00e3o redobrada no tr\u00e2nsito | Revista Insurance Corp | PT-BR\" \/>\n<meta property=\"og:description\" content=\"O fim das f\u00e9rias escolares \u00e9 sinal tamb\u00e9m de tr\u00e2nsito mais confuso. Com o retorno \u00e0s aulas e a volta da rotina de pais, crian\u00e7as e adolescentes, \u00e9 comum o aumento do fluxo de pessoas e ve\u00edculos nas ruas, dos congestionamentos e, consequentemente, dos riscos de acidentes. O per\u00edodo exige paci\u00eancia, cuidado e aten\u00e7\u00e3o redobrada [&hellip;]\" \/>\n<meta property=\"og:url\" content=\"https:\/\/insurancecorp.com.br\/pt\/2019\/08\/13\/volta-as-aulas-exige-atencao-redobrada-no-transito\/\" \/>\n<meta property=\"og:site_name\" content=\"Revista Insurance Corp | PT-BR\" \/>\n<meta property=\"article:publisher\" content=\"https:\/\/www.facebook.com\/RevistaInsuranceCorp\/\" \/>\n<meta property=\"article:published_time\" content=\"2019-08-13T20:38:16+00:00\" \/>\n<meta property=\"article:modified_time\" content=\"2019-08-13T20:43:10+00:00\" \/>\n<meta property=\"og:image\" content=\"https:\/\/insurancecorp.com.br\/pt\/wp-content\/uploads\/2019\/08\/THINKSEG_476Deborah-Reis-deborah@sevenpr.com_.br_-1.jpg\" \/>\n\t<meta property=\"og:image:width\" content=\"950\" \/>\n\t<meta property=\"og:image:height\" content=\"633\" \/>\n<meta name=\"twitter:card\" content=\"summary\" \/>\n<script type=\"application\/ld+json\" class=\"yoast-schema-graph\">{\"@context\":\"https:\/\/schema.org\",\"@graph\":[{\"@type\":\"Organization\",\"@id\":\"https:\/\/insurancecorp.com.br\/pt\/#organization\",\"name\":\"Revista Insurance Corp\",\"url\":\"https:\/\/insurancecorp.com.br\/pt\/\",\"sameAs\":[\"https:\/\/www.facebook.com\/RevistaInsuranceCorp\/\"],\"logo\":{\"@type\":\"ImageObject\",\"@id\":\"https:\/\/insurancecorp.com.br\/pt\/#logo\",\"inLanguage\":\"pt-BR\",\"url\":\"\",\"caption\":\"Revista Insurance Corp\"},\"image\":{\"@id\":\"https:\/\/insurancecorp.com.br\/pt\/#logo\"}},{\"@type\":\"WebSite\",\"@id\":\"https:\/\/insurancecorp.com.br\/pt\/#website\",\"url\":\"https:\/\/insurancecorp.com.br\/pt\/\",\"name\":\"Revista Insurance Corp | PT-BR\",\"description\":\"A \\u00fanica revista bil\\u00edngue voltada ao mercado de seguro.\",\"publisher\":{\"@id\":\"https:\/\/insurancecorp.com.br\/pt\/#organization\"},\"potentialAction\":[{\"@type\":\"SearchAction\",\"target\":\"https:\/\/insurancecorp.com.br\/pt\/?s={search_term_string}\",\"query-input\":\"required name=search_term_string\"}],\"inLanguage\":\"pt-BR\"},{\"@type\":\"ImageObject\",\"@id\":\"https:\/\/insurancecorp.com.br\/pt\/2019\/08\/13\/volta-as-aulas-exige-atencao-redobrada-no-transito\/#primaryimage\",\"inLanguage\":\"pt-BR\",\"url\":\"https:\/\/insurancecorp.com.br\/pt\/wp-content\/uploads\/2019\/08\/THINKSEG_476Deborah-Reis-deborah@sevenpr.com_.br_-1.jpg\",\"width\":950,\"height\":633},{\"@type\":\"WebPage\",\"@id\":\"https:\/\/insurancecorp.com.br\/pt\/2019\/08\/13\/volta-as-aulas-exige-atencao-redobrada-no-transito\/#webpage\",\"url\":\"https:\/\/insurancecorp.com.br\/pt\/2019\/08\/13\/volta-as-aulas-exige-atencao-redobrada-no-transito\/\",\"name\":\"Volta \\u00e0s aulas exige aten\\u00e7\\u00e3o redobrada no tr\\u00e2nsito | Revista Insurance Corp | PT-BR\",\"isPartOf\":{\"@id\":\"https:\/\/insurancecorp.com.br\/pt\/#website\"},\"primaryImageOfPage\":{\"@id\":\"https:\/\/insurancecorp.com.br\/pt\/2019\/08\/13\/volta-as-aulas-exige-atencao-redobrada-no-transito\/#primaryimage\"},\"datePublished\":\"2019-08-13T20:38:16+00:00\",\"dateModified\":\"2019-08-13T20:43:10+00:00\",\"inLanguage\":\"pt-BR\",\"potentialAction\":[{\"@type\":\"ReadAction\",\"target\":[\"https:\/\/insurancecorp.com.br\/pt\/2019\/08\/13\/volta-as-aulas-exige-atencao-redobrada-no-transito\/\"]}]},{\"@type\":\"Article\",\"@id\":\"https:\/\/insurancecorp.com.br\/pt\/2019\/08\/13\/volta-as-aulas-exige-atencao-redobrada-no-transito\/#article\",\"isPartOf\":{\"@id\":\"https:\/\/insurancecorp.com.br\/pt\/2019\/08\/13\/volta-as-aulas-exige-atencao-redobrada-no-transito\/#webpage\"},\"author\":{\"@id\":\"https:\/\/insurancecorp.com.br\/pt\/#\/schema\/person\/1b69c8cf325f0b7167f1b171f52df4af\"},\"headline\":\"Volta \\u00e0s aulas exige aten\\u00e7\\u00e3o redobrada no tr\\u00e2nsito\",\"datePublished\":\"2019-08-13T20:38:16+00:00\",\"dateModified\":\"2019-08-13T20:43:10+00:00\",\"mainEntityOfPage\":{\"@id\":\"https:\/\/insurancecorp.com.br\/pt\/2019\/08\/13\/volta-as-aulas-exige-atencao-redobrada-no-transito\/#webpage\"},\"commentCount\":0,\"publisher\":{\"@id\":\"https:\/\/insurancecorp.com.br\/pt\/#organization\"},\"image\":{\"@id\":\"https:\/\/insurancecorp.com.br\/pt\/2019\/08\/13\/volta-as-aulas-exige-atencao-redobrada-no-transito\/#primaryimage\"},\"articleSection\":\"L\\u00edder\",\"inLanguage\":\"pt-BR\",\"potentialAction\":[{\"@type\":\"CommentAction\",\"name\":\"Comment\",\"target\":[\"https:\/\/insurancecorp.com.br\/pt\/2019\/08\/13\/volta-as-aulas-exige-atencao-redobrada-no-transito\/#respond\"]}]},{\"@type\":\"Person\",\"@id\":\"https:\/\/insurancecorp.com.br\/pt\/#\/schema\/person\/1b69c8cf325f0b7167f1b171f52df4af\",\"name\":\"Publica\\u00e7\\u00e3o\",\"image\":{\"@type\":\"ImageObject\",\"@id\":\"https:\/\/insurancecorp.com.br\/pt\/#personlogo\",\"inLanguage\":\"pt-BR\",\"url\":\"https:\/\/secure.gravatar.com\/avatar\/17226f1f60486eb25d4c6b301ffed37f?s=96&d=mm&r=g\",\"caption\":\"Publica\\u00e7\\u00e3o\"}}]}<\/script>\n<!-- \/ Yoast SEO plugin. -->","_links":{"self":[{"href":"https:\/\/insurancecorp.com.br\/pt\/wp-json\/wp\/v2\/posts\/10264"}],"collection":[{"href":"https:\/\/insurancecorp.com.br\/pt\/wp-json\/wp\/v2\/posts"}],"about":[{"href":"https:\/\/insurancecorp.com.br\/pt\/wp-json\/wp\/v2\/types\/post"}],"author":[{"embeddable":true,"href":"https:\/\/insurancecorp.com.br\/pt\/wp-json\/wp\/v2\/users\/2"}],"replies":[{"embeddable":true,"href":"https:\/\/insurancecorp.com.br\/pt\/wp-json\/wp\/v2\/comments?post=10264"}],"version-history":[{"count":1,"href":"https:\/\/insurancecorp.com.br\/pt\/wp-json\/wp\/v2\/posts\/10264\/revisions"}],"predecessor-version":[{"id":10266,"href":"https:\/\/insurancecorp.com.br\/pt\/wp-json\/wp\/v2\/posts\/10264\/revisions\/10266"}],"wp:featuredmedia":[{"embeddable":true,"href":"https:\/\/insurancecorp.com.br\/pt\/wp-json\/wp\/v2\/media\/10265"}],"wp:attachment":[{"href":"https:\/\/insurancecorp.com.br\/pt\/wp-json\/wp\/v2\/media?parent=10264"}],"wp:term":[{"taxonomy":"category","embeddable":true,"href":"https:\/\/insurancecorp.com.br\/pt\/wp-json\/wp\/v2\/categories?post=10264"},{"taxonomy":"post_tag","embeddable":true,"href":"https:\/\/insurancecorp.com.br\/pt\/wp-json\/wp\/v2\/tags?post=10264"}],"curies":[{"name":"wp","href":"https:\/\/api.w.org\/{rel}","templated":true}]}}